{"id":71996,"date":"2025-10-15T13:18:27","date_gmt":"2025-10-15T19:18:27","guid":{"rendered":"https:\/\/encuentroinformativo.com.mx\/?p=71996"},"modified":"2025-10-15T13:18:27","modified_gmt":"2025-10-15T19:18:27","slug":"ejecutan-a-farmaceutico-en-martinez-de-la-torre","status":"publish","type":"post","link":"https:\/\/encuentroinformativo.com.mx\/?p=71996","title":{"rendered":"Ejecutan a farmac\u00e9utico en Mart\u00ednez de la Torre"},"content":{"rendered":"<p><strong>Jos\u00e9 Vargas<\/strong><\/p>\n<p>Mart\u00ednez de la Torre, Ver.- La violencia contin\u00faa recrudeci\u00e9ndose en este municipio, donde en lo que va de la semana se han registrado ya dos hechos delictivos de alto impacto.<\/p>\n<p>En esta ocasi\u00f3n, la v\u00edctima fue un farmac\u00e9utico identificado como Juan Pablo P\u00e9rez Aguilar, quien fue atacado cuando sal\u00eda de su vivienda para llevar a su hija a la escuela.<\/p>\n<p>De acuerdo con testimonios de vecinos de la colonia Pueblo Viejo, cerca del campo de f\u00fatbol, los hechos ocurrieron alrededor de las 7:30 de la ma\u00f1ana, cuando se escucharon varias detonaciones de arma de fuego.<\/p>\n<p>Momentos despu\u00e9s, familiares y vecinos salieron de sus casas y encontraron a Juan Pablo sin vida, mientras que su peque\u00f1a hija result\u00f3 herida por un proyectil, adem\u00e1s de encontrarse en crisis nerviosa.<\/p>\n<p>La menor fue trasladada de inmediato a un hospital para recibir atenci\u00f3n m\u00e9dica, mientras que autoridades policiales acudieron al lugar para acordonar el \u00e1rea y realizar las diligencias correspondientes.<\/p>\n<p>Hasta el momento, no se ha informado sobre personas detenidas ni sobre el posible m\u00f3vil de este ataque.<\/p>\n","protected":false},"excerpt":{"rendered":"<p>Jos\u00e9 Vargas Mart\u00ednez de la Torre, Ver.- La violencia contin\u00faa recrudeci\u00e9ndose en este municipio, donde en lo que va de la semana se han registrado ya dos hechos delictivos de alto impacto. En esta ocasi\u00f3n, la v\u00edctima fue un farmac\u00e9utico identificado como Juan Pablo P\u00e9rez Aguilar, quien fue atacado cuando sal\u00eda de su vivienda para [&hellip;]<\/p>\n","protected":false},"author":2476,"featured_media":71997,"comment_status":"open","ping_status":"open","sticky":false,"template":"","format":"standard","meta":{"_jetpack_memberships_contains_paid_content":false,"footnotes":""},"categories":[14],"tags":[],"class_list":["post-71996","post","type-post","status-publish","format-standard","has-post-thumbnail","hentry","category-policiaca"],"jetpack_featured_media_url":"https:\/\/encuentroinformativo.com.mx\/wp-content\/uploads\/2025\/10\/IMG-20251015-WA01261.jpg","jetpack_sharing_enabled":true,"jetpack_likes_enabled":true,"amp_enabled":true,"_links":{"self":[{"href":"https:\/\/encuentroinformativo.com.mx\/index.php?rest_route=\/wp\/v2\/posts\/71996","targetHints":{"allow":["GET"]}}],"collection":[{"href":"https:\/\/encuentroinformativo.com.mx\/index.php?rest_route=\/wp\/v2\/posts"}],"about":[{"href":"https:\/\/encuentroinformativo.com.mx\/index.php?rest_route=\/wp\/v2\/types\/post"}],"author":[{"embeddable":true,"href":"https:\/\/encuentroinformativo.com.mx\/index.php?rest_route=\/wp\/v2\/users\/2476"}],"replies":[{"embeddable":true,"href":"https:\/\/encuentroinformativo.com.mx\/index.php?rest_route=%2Fwp%2Fv2%2Fcomments&post=71996"}],"version-history":[{"count":2,"href":"https:\/\/encuentroinformativo.com.mx\/index.php?rest_route=\/wp\/v2\/posts\/71996\/revisions"}],"predecessor-version":[{"id":71999,"href":"https:\/\/encuentroinformativo.com.mx\/index.php?rest_route=\/wp\/v2\/posts\/71996\/revisions\/71999"}],"wp:featuredmedia":[{"embeddable":true,"href":"https:\/\/encuentroinformativo.com.mx\/index.php?rest_route=\/wp\/v2\/media\/71997"}],"wp:attachment":[{"href":"https:\/\/encuentroinformativo.com.mx\/index.php?rest_route=%2Fwp%2Fv2%2Fmedia&parent=71996"}],"wp:term":[{"taxonomy":"category","embeddable":true,"href":"https:\/\/encuentroinformativo.com.mx\/index.php?rest_route=%2Fwp%2Fv2%2Fcategories&post=71996"},{"taxonomy":"post_tag","embeddable":true,"href":"https:\/\/encuentroinformativo.com.mx\/index.php?rest_route=%2Fwp%2Fv2%2Ftags&post=71996"}],"curies":[{"name":"wp","href":"https:\/\/api.w.org\/{rel}","templated":true}]}}