{"id":720,"date":"2020-03-10T14:24:59","date_gmt":"2020-03-10T20:24:59","guid":{"rendered":"https:\/\/encuentroinformativo.com\/?p=720"},"modified":"2020-03-10T14:25:02","modified_gmt":"2020-03-10T20:25:02","slug":"veracruz-se-mantiene-como-estado-feminicida-pan","status":"publish","type":"post","link":"https:\/\/encuentroinformativo.com.mx\/?p=720","title":{"rendered":"Veracruz se mantiene como estado feminicida: PAN"},"content":{"rendered":"\n<p><strong>Juan Arcos<\/strong><\/p>\n\n\n\n<p>Xalapa, Ver.- El dirigente estatal del PAN en Veracruz, Joaqu\u00edn Guzm\u00e1n Avil\u00e9s, lament\u00f3 que Veracruz sea uno de los estados de la Rep\u00fablica con mayor violencia contra las mujeres, toda vez que cada dos d\u00edas ocurre un feminicidio.<\/p>\n\n\n\n<p>En conferencia de prensa, record\u00f3 que adem\u00e1s de los 159 feminicidios contabilizados durante el 2019, ahora la Fiscal\u00eda General del Estado no atiende las sentencias nacionales e internacionales respecto a la investigaci\u00f3n con perspectiva de g\u00e9nero en los cr\u00edmenes de mujeres.<\/p>\n\n\n\n<p>A\u00f1adi\u00f3 que en enero pasado, la Fiscal\u00eda General del Estado report\u00f3 tres feminicidios, ocho Homicidios dolosos de mujeres y 15 homicidios culposos. Es decir, 26 asesinatos de mujeres que fueron clasificados entre un delito y otro.<\/p>\n\n\n\n<p>En ese sentido, reprob\u00f3 que, en la actualidad, Veracruz sea visto como un estado feminicida.<\/p>\n\n\n\n<p>Tambi\u00e9n mencion\u00f3 que el Paro Nacional de Mujeres realizado el pasado 9 de marzo, motiv\u00f3 a la reflexi\u00f3n sobre la situaci\u00f3n que se vive en todo el pa\u00eds, donde cada d\u00eda se asesinan a 10 mujeres.<\/p>\n\n\n\n<p>Adem\u00e1s, repudi\u00f3 que de cada 10 cr\u00edmenes de mujeres, uno sea feminicidio infantil, y que cada cuatro horas una mujer sea violada.<\/p>\n\n\n\n<p>Guzm\u00e1n Avil\u00e9s exigi\u00f3 al gobierno estatal que garantice la seguridad de las mujeres.<\/p>\n\n\n\n<p>\u201cque la autoridad encargada de la procuraci\u00f3n de justicia no investigue con perspectiva de g\u00e9nero, adem\u00e1s de querer enga\u00f1ar con n\u00fameros alegres.<\/p>\n\n\n\n<p>El dirigente estatal indic\u00f3 que las trabajadoras del PAN se unieron al paro nacional \u201cUn d\u00eda sin mujeres\u201d, para exigir que cesen los feminicidios.<\/p>\n","protected":false},"excerpt":{"rendered":"<p>Juan Arcos Xalapa, Ver.- El dirigente estatal del PAN en Veracruz, Joaqu\u00edn Guzm\u00e1n Avil\u00e9s, lament\u00f3 que Veracruz sea uno de los estados de la Rep\u00fablica con mayor violencia contra las mujeres, toda vez que cada dos d\u00edas ocurre un feminicidio. En conferencia de prensa, record\u00f3 que adem\u00e1s de los 159 feminicidios contabilizados durante el 2019, [&hellip;]<\/p>\n","protected":false},"author":1,"featured_media":721,"comment_status":"open","ping_status":"open","sticky":false,"template":"","format":"standard","meta":{"_jetpack_memberships_contains_paid_content":false,"footnotes":""},"categories":[2],"tags":[],"class_list":["post-720","post","type-post","status-publish","format-standard","has-post-thumbnail","hentry","category-estado"],"jetpack_featured_media_url":"https:\/\/encuentroinformativo.com.mx\/wp-content\/uploads\/2020\/03\/C2A53000-8F48-48C1-B6FE-9D45925A6D69.jpeg","jetpack_sharing_enabled":true,"jetpack_likes_enabled":true,"amp_enabled":true,"_links":{"self":[{"href":"https:\/\/encuentroinformativo.com.mx\/index.php?rest_route=\/wp\/v2\/posts\/720","targetHints":{"allow":["GET"]}}],"collection":[{"href":"https:\/\/encuentroinformativo.com.mx\/index.php?rest_route=\/wp\/v2\/posts"}],"about":[{"href":"https:\/\/encuentroinformativo.com.mx\/index.php?rest_route=\/wp\/v2\/types\/post"}],"author":[{"embeddable":true,"href":"https:\/\/encuentroinformativo.com.mx\/index.php?rest_route=\/wp\/v2\/users\/1"}],"replies":[{"embeddable":true,"href":"https:\/\/encuentroinformativo.com.mx\/index.php?rest_route=%2Fwp%2Fv2%2Fcomments&post=720"}],"version-history":[{"count":1,"href":"https:\/\/encuentroinformativo.com.mx\/index.php?rest_route=\/wp\/v2\/posts\/720\/revisions"}],"predecessor-version":[{"id":722,"href":"https:\/\/encuentroinformativo.com.mx\/index.php?rest_route=\/wp\/v2\/posts\/720\/revisions\/722"}],"wp:featuredmedia":[{"embeddable":true,"href":"https:\/\/encuentroinformativo.com.mx\/index.php?rest_route=\/wp\/v2\/media\/721"}],"wp:attachment":[{"href":"https:\/\/encuentroinformativo.com.mx\/index.php?rest_route=%2Fwp%2Fv2%2Fmedia&parent=720"}],"wp:term":[{"taxonomy":"category","embeddable":true,"href":"https:\/\/encuentroinformativo.com.mx\/index.php?rest_route=%2Fwp%2Fv2%2Fcategories&post=720"},{"taxonomy":"post_tag","embeddable":true,"href":"https:\/\/encuentroinformativo.com.mx\/index.php?rest_route=%2Fwp%2Fv2%2Ftags&post=720"}],"curies":[{"name":"wp","href":"https:\/\/api.w.org\/{rel}","templated":true}]}}