{"id":72003,"date":"2025-10-15T17:14:39","date_gmt":"2025-10-15T23:14:39","guid":{"rendered":"https:\/\/encuentroinformativo.com.mx\/?p=72003"},"modified":"2025-10-15T17:14:39","modified_gmt":"2025-10-15T23:14:39","slug":"atiende-pc-de-alvarado-deslave-sobre-carretera-180","status":"publish","type":"post","link":"https:\/\/encuentroinformativo.com.mx\/?p=72003","title":{"rendered":"Atiende PC de Alvarado deslave sobre carretera 180"},"content":{"rendered":"<p><strong>Alejandro \u00c1vila<\/strong><\/p>\n<p>Veracruz, Ver.- Cuadrillas de Protecci\u00f3n Civil de Alvarado lograron liberar la obstrucci\u00f3n que se ten\u00eda sobre la carretera federal 180 a la altura del puente, producto de los deslaves que se suscitaron tras las lluvias que permanecen en la zona.<\/p>\n<p>&#8220;El deslizamiento de siempre ah\u00ed en la colonia La Playa, eso ya es de siempre tantito llueve y se desliza un mont\u00f3n de arena, eso ya es com\u00fan, algunas calles que est\u00e1n en zonas muy bajas como que empozadas se lleg\u00f3 el agua a subir al tobillo, entre el tobillo y la rodilla, y hubo carros que pasaban muy r\u00e1pido y se meti\u00f3 el agua a las casas, se envi\u00f3 al personal para que trataran de que pasaran m\u00e1s despacio y otra para limpiar las alcantarillas y darle mayor fluidez al agua en varios puntos de aqu\u00ed&#8221;, dio a conocer el coordinador de Emergencias, &#8220;Vulcano&#8221; C\u00e1rdenas.<\/p>\n<p>Con apoyo de la Polic\u00eda Estatal ingresaron sobre la carretera federal 180 a la altura del kilometro 49 para liberar el carril que estaba obstruido por arena mojada, los trabajos iniciaron la tarde de este martes 14 de octubre y culminaron la ma\u00f1ana de este mi\u00e9rcoles 15 de octubre con el apoyo de una retroexcavadora y un cami\u00f3n de volteo.<\/p>\n","protected":false},"excerpt":{"rendered":"<p>Alejandro \u00c1vila Veracruz, Ver.- Cuadrillas de Protecci\u00f3n Civil de Alvarado lograron liberar la obstrucci\u00f3n que se ten\u00eda sobre la carretera federal 180 a la altura del puente, producto de los deslaves que se suscitaron tras las lluvias que permanecen en la zona. &#8220;El deslizamiento de siempre ah\u00ed en la colonia La Playa, eso ya es [&hellip;]<\/p>\n","protected":false},"author":2476,"featured_media":72004,"comment_status":"open","ping_status":"open","sticky":false,"template":"","format":"standard","meta":{"_jetpack_memberships_contains_paid_content":false,"footnotes":""},"categories":[2],"tags":[],"class_list":["post-72003","post","type-post","status-publish","format-standard","has-post-thumbnail","hentry","category-estado"],"jetpack_featured_media_url":"https:\/\/encuentroinformativo.com.mx\/wp-content\/uploads\/2025\/10\/IMG-20251015-WA0330.jpg","jetpack_sharing_enabled":true,"jetpack_likes_enabled":true,"amp_enabled":true,"_links":{"self":[{"href":"https:\/\/encuentroinformativo.com.mx\/index.php?rest_route=\/wp\/v2\/posts\/72003","targetHints":{"allow":["GET"]}}],"collection":[{"href":"https:\/\/encuentroinformativo.com.mx\/index.php?rest_route=\/wp\/v2\/posts"}],"about":[{"href":"https:\/\/encuentroinformativo.com.mx\/index.php?rest_route=\/wp\/v2\/types\/post"}],"author":[{"embeddable":true,"href":"https:\/\/encuentroinformativo.com.mx\/index.php?rest_route=\/wp\/v2\/users\/2476"}],"replies":[{"embeddable":true,"href":"https:\/\/encuentroinformativo.com.mx\/index.php?rest_route=%2Fwp%2Fv2%2Fcomments&post=72003"}],"version-history":[{"count":1,"href":"https:\/\/encuentroinformativo.com.mx\/index.php?rest_route=\/wp\/v2\/posts\/72003\/revisions"}],"predecessor-version":[{"id":72005,"href":"https:\/\/encuentroinformativo.com.mx\/index.php?rest_route=\/wp\/v2\/posts\/72003\/revisions\/72005"}],"wp:featuredmedia":[{"embeddable":true,"href":"https:\/\/encuentroinformativo.com.mx\/index.php?rest_route=\/wp\/v2\/media\/72004"}],"wp:attachment":[{"href":"https:\/\/encuentroinformativo.com.mx\/index.php?rest_route=%2Fwp%2Fv2%2Fmedia&parent=72003"}],"wp:term":[{"taxonomy":"category","embeddable":true,"href":"https:\/\/encuentroinformativo.com.mx\/index.php?rest_route=%2Fwp%2Fv2%2Fcategories&post=72003"},{"taxonomy":"post_tag","embeddable":true,"href":"https:\/\/encuentroinformativo.com.mx\/index.php?rest_route=%2Fwp%2Fv2%2Ftags&post=72003"}],"curies":[{"name":"wp","href":"https:\/\/api.w.org\/{rel}","templated":true}]}}