{"id":72009,"date":"2025-10-15T19:11:31","date_gmt":"2025-10-16T01:11:31","guid":{"rendered":"https:\/\/encuentroinformativo.com.mx\/?p=72009"},"modified":"2025-10-15T19:11:31","modified_gmt":"2025-10-16T01:11:31","slug":"visito-la-presidenta-claudia-sheinbaum-el-higo-veracruz","status":"publish","type":"post","link":"https:\/\/encuentroinformativo.com.mx\/?p=72009","title":{"rendered":"Visit\u00f3 la presidenta Claudia Sheinbaum El Higo, Veracruz\u00a0"},"content":{"rendered":"<p><strong>Redacci\u00f3n<\/strong><\/p>\n<p>Xalapa, Ver.- La presidenta de la Rep\u00fablica Claudia Sheinbaum Pardo, visit\u00f3 la tarde de este mi\u00e9rcoles el municipio de El Higo en la zona norte de Veracruz para supervisar los da\u00f1os ocasionados por las lluvias e inundaciones.<\/p>\n<p>A trav\u00e9s de redes sociales la mandataria federal, se\u00f1al\u00f3: \u201cVisitamos la cabecera municipal de El Higo, Veracruz, para supervisar los trabajos de limpieza e informar a la poblaci\u00f3n sobre los censos y apoyos\u201d.<\/p>\n<p>Cabe recordar que el pasado fin de semana, la presidenta realiz\u00f3 un recorrido por el municipio de Poza Rica donde recibi\u00f3 diversos reclamos de los pobladores afectados.<\/p>\n<p><img loading=\"lazy\" decoding=\"async\" class=\"aligncenter size-medium wp-image-72011\" src=\"https:\/\/encuentroinformativo.com.mx\/wp-content\/uploads\/2025\/10\/20251015_190713-300x225.jpg\" alt=\"\" width=\"300\" height=\"225\" srcset=\"https:\/\/encuentroinformativo.com.mx\/wp-content\/uploads\/2025\/10\/20251015_190713-300x225.jpg 300w, https:\/\/encuentroinformativo.com.mx\/wp-content\/uploads\/2025\/10\/20251015_190713-1024x768.jpg 1024w, https:\/\/encuentroinformativo.com.mx\/wp-content\/uploads\/2025\/10\/20251015_190713-768x576.jpg 768w, https:\/\/encuentroinformativo.com.mx\/wp-content\/uploads\/2025\/10\/20251015_190713.jpg 1280w\" sizes=\"auto, (max-width: 300px) 100vw, 300px\" \/><\/p>\n<p>&nbsp;<\/p>\n","protected":false},"excerpt":{"rendered":"<p>Redacci\u00f3n Xalapa, Ver.- La presidenta de la Rep\u00fablica Claudia Sheinbaum Pardo, visit\u00f3 la tarde de este mi\u00e9rcoles el municipio de El Higo en la zona norte de Veracruz para supervisar los da\u00f1os ocasionados por las lluvias e inundaciones. A trav\u00e9s de redes sociales la mandataria federal, se\u00f1al\u00f3: \u201cVisitamos la cabecera municipal de El Higo, Veracruz, [&hellip;]<\/p>\n","protected":false},"author":2476,"featured_media":72010,"comment_status":"open","ping_status":"open","sticky":false,"template":"","format":"standard","meta":{"_jetpack_memberships_contains_paid_content":false,"footnotes":""},"categories":[2,12],"tags":[],"class_list":["post-72009","post","type-post","status-publish","format-standard","has-post-thumbnail","hentry","category-estado","category-nacional"],"jetpack_featured_media_url":"https:\/\/encuentroinformativo.com.mx\/wp-content\/uploads\/2025\/10\/20251015_190716.jpg","jetpack_sharing_enabled":true,"jetpack_likes_enabled":true,"amp_enabled":true,"_links":{"self":[{"href":"https:\/\/encuentroinformativo.com.mx\/index.php?rest_route=\/wp\/v2\/posts\/72009","targetHints":{"allow":["GET"]}}],"collection":[{"href":"https:\/\/encuentroinformativo.com.mx\/index.php?rest_route=\/wp\/v2\/posts"}],"about":[{"href":"https:\/\/encuentroinformativo.com.mx\/index.php?rest_route=\/wp\/v2\/types\/post"}],"author":[{"embeddable":true,"href":"https:\/\/encuentroinformativo.com.mx\/index.php?rest_route=\/wp\/v2\/users\/2476"}],"replies":[{"embeddable":true,"href":"https:\/\/encuentroinformativo.com.mx\/index.php?rest_route=%2Fwp%2Fv2%2Fcomments&post=72009"}],"version-history":[{"count":1,"href":"https:\/\/encuentroinformativo.com.mx\/index.php?rest_route=\/wp\/v2\/posts\/72009\/revisions"}],"predecessor-version":[{"id":72012,"href":"https:\/\/encuentroinformativo.com.mx\/index.php?rest_route=\/wp\/v2\/posts\/72009\/revisions\/72012"}],"wp:featuredmedia":[{"embeddable":true,"href":"https:\/\/encuentroinformativo.com.mx\/index.php?rest_route=\/wp\/v2\/media\/72010"}],"wp:attachment":[{"href":"https:\/\/encuentroinformativo.com.mx\/index.php?rest_route=%2Fwp%2Fv2%2Fmedia&parent=72009"}],"wp:term":[{"taxonomy":"category","embeddable":true,"href":"https:\/\/encuentroinformativo.com.mx\/index.php?rest_route=%2Fwp%2Fv2%2Fcategories&post=72009"},{"taxonomy":"post_tag","embeddable":true,"href":"https:\/\/encuentroinformativo.com.mx\/index.php?rest_route=%2Fwp%2Fv2%2Ftags&post=72009"}],"curies":[{"name":"wp","href":"https:\/\/api.w.org\/{rel}","templated":true}]}}