{"id":72013,"date":"2025-10-15T19:56:19","date_gmt":"2025-10-16T01:56:19","guid":{"rendered":"https:\/\/encuentroinformativo.com.mx\/?p=72013"},"modified":"2025-10-15T19:56:19","modified_gmt":"2025-10-16T01:56:19","slug":"diocesis-de-san-andres-enviara-primer-cargamento-de-ayuda-humanitaria","status":"publish","type":"post","link":"https:\/\/encuentroinformativo.com.mx\/?p=72013","title":{"rendered":"Di\u00f3cesis de San Andr\u00e9s enviar\u00e1 primer cargamento de ayuda humanitaria"},"content":{"rendered":"<p><strong>* Llevar\u00e1n la ayuda directamente a los damnificados de la zona norte de Veracruz.<\/strong><\/p>\n<p><strong>\u200bArmando Azamar<\/strong><\/p>\n<p>San Andr\u00e9s Tuxtla, Ver.- En un acto de solidaridad y caridad, el Vocero de la Di\u00f3cesis de San Andr\u00e9s Tuxtla, padre Te\u00f3dulo Morales Mezo, dio a conocer que se organiza un importante cargamento de ayuda humanitaria destinado a las comunidades afectadas por recientes desastres naturales en las regiones de Tuxpan, Papantla y, espec\u00edficamente Poza Rica.<\/p>\n<p>Coment\u00f3 que la iniciativa es coordinada por C\u00e1ritas Diocesana y sacerdotes p\u00e1rrocos, un esfuerzo conjunto con C\u00e1ritas de los municipios de Tuxpan y Papantla para garantizar que los suministros esenciales lleguen a quienes m\u00e1s lo necesitan.<\/p>\n<p>Record\u00f3 que concentran tres centros de acopio; la iglesia \u200bLorenzo Arteaga en Catemaco, la \u200bParroquia San Juan Bautista en Oluta y la \u200bParroquia Nuestra Se\u00f1ora del Sagrado Coraz\u00f3n en ciudad Isla.<\/p>\n<p>&#8220;La respuesta de la comunidad ha sido extraordinaria, demostrando una vez m\u00e1s el esp\u00edritu de caridad que nos caracteriza&#8221;, dijo.<\/p>\n<p>Inform\u00f3 que, a\u00fan est\u00e1 por definirse el itinerario exacto de la caravana humanitaria para el traslado final de la ayuda a las zonas damnificadas, manteniendo a la poblaci\u00f3n informada sobre los avances de esta importante misi\u00f3n solidaria.<\/p>\n<p><img loading=\"lazy\" decoding=\"async\" class=\"aligncenter size-medium wp-image-72015\" src=\"https:\/\/encuentroinformativo.com.mx\/wp-content\/uploads\/2025\/10\/IMG-20251015-WA0382-169x300.jpg\" alt=\"\" width=\"169\" height=\"300\" srcset=\"https:\/\/encuentroinformativo.com.mx\/wp-content\/uploads\/2025\/10\/IMG-20251015-WA0382-169x300.jpg 169w, https:\/\/encuentroinformativo.com.mx\/wp-content\/uploads\/2025\/10\/IMG-20251015-WA0382-576x1024.jpg 576w, https:\/\/encuentroinformativo.com.mx\/wp-content\/uploads\/2025\/10\/IMG-20251015-WA0382-768x1365.jpg 768w, https:\/\/encuentroinformativo.com.mx\/wp-content\/uploads\/2025\/10\/IMG-20251015-WA0382-864x1536.jpg 864w, https:\/\/encuentroinformativo.com.mx\/wp-content\/uploads\/2025\/10\/IMG-20251015-WA0382.jpg 900w\" sizes=\"auto, (max-width: 169px) 100vw, 169px\" \/><\/p>\n","protected":false},"excerpt":{"rendered":"<p>* Llevar\u00e1n la ayuda directamente a los damnificados de la zona norte de Veracruz. \u200bArmando Azamar San Andr\u00e9s Tuxtla, Ver.- En un acto de solidaridad y caridad, el Vocero de la Di\u00f3cesis de San Andr\u00e9s Tuxtla, padre Te\u00f3dulo Morales Mezo, dio a conocer que se organiza un importante cargamento de ayuda humanitaria destinado a las [&hellip;]<\/p>\n","protected":false},"author":2476,"featured_media":72014,"comment_status":"open","ping_status":"open","sticky":false,"template":"","format":"standard","meta":{"_jetpack_memberships_contains_paid_content":false,"footnotes":""},"categories":[2],"tags":[],"class_list":["post-72013","post","type-post","status-publish","format-standard","has-post-thumbnail","hentry","category-estado"],"jetpack_featured_media_url":"https:\/\/encuentroinformativo.com.mx\/wp-content\/uploads\/2025\/10\/IMG-20251015-WA03852.jpg","jetpack_sharing_enabled":true,"jetpack_likes_enabled":true,"amp_enabled":true,"_links":{"self":[{"href":"https:\/\/encuentroinformativo.com.mx\/index.php?rest_route=\/wp\/v2\/posts\/72013","targetHints":{"allow":["GET"]}}],"collection":[{"href":"https:\/\/encuentroinformativo.com.mx\/index.php?rest_route=\/wp\/v2\/posts"}],"about":[{"href":"https:\/\/encuentroinformativo.com.mx\/index.php?rest_route=\/wp\/v2\/types\/post"}],"author":[{"embeddable":true,"href":"https:\/\/encuentroinformativo.com.mx\/index.php?rest_route=\/wp\/v2\/users\/2476"}],"replies":[{"embeddable":true,"href":"https:\/\/encuentroinformativo.com.mx\/index.php?rest_route=%2Fwp%2Fv2%2Fcomments&post=72013"}],"version-history":[{"count":1,"href":"https:\/\/encuentroinformativo.com.mx\/index.php?rest_route=\/wp\/v2\/posts\/72013\/revisions"}],"predecessor-version":[{"id":72016,"href":"https:\/\/encuentroinformativo.com.mx\/index.php?rest_route=\/wp\/v2\/posts\/72013\/revisions\/72016"}],"wp:featuredmedia":[{"embeddable":true,"href":"https:\/\/encuentroinformativo.com.mx\/index.php?rest_route=\/wp\/v2\/media\/72014"}],"wp:attachment":[{"href":"https:\/\/encuentroinformativo.com.mx\/index.php?rest_route=%2Fwp%2Fv2%2Fmedia&parent=72013"}],"wp:term":[{"taxonomy":"category","embeddable":true,"href":"https:\/\/encuentroinformativo.com.mx\/index.php?rest_route=%2Fwp%2Fv2%2Fcategories&post=72013"},{"taxonomy":"post_tag","embeddable":true,"href":"https:\/\/encuentroinformativo.com.mx\/index.php?rest_route=%2Fwp%2Fv2%2Ftags&post=72013"}],"curies":[{"name":"wp","href":"https:\/\/api.w.org\/{rel}","templated":true}]}}