{"id":72025,"date":"2025-10-16T10:39:58","date_gmt":"2025-10-16T16:39:58","guid":{"rendered":"https:\/\/encuentroinformativo.com.mx\/?p=72025"},"modified":"2025-10-16T10:39:58","modified_gmt":"2025-10-16T16:39:58","slug":"acusan-jubilados-incumplimiento-de-pagos-reanudan-protestas","status":"publish","type":"post","link":"https:\/\/encuentroinformativo.com.mx\/?p=72025","title":{"rendered":"Acusan jubilados incumplimiento de pagos, reanudan protestas"},"content":{"rendered":"<p><strong>Dar\u00edo Pale<\/strong><\/p>\n<p>Xalapa, Ver.- Acusan a la gobernadora Roc\u00edo Nahle de no respetar acuerdos firmados y crear nuevas aseguradoras sin transparencia.<\/p>\n<p>Integrantes de diversas agrupaciones de jubilados y pensionados del estado de Veracruz reanudaron este jueves su plant\u00f3n frente al Palacio de Gobierno, en protesta por el incumplimiento de los pagos correspondientes a seguros de vida de compa\u00f1eros fallecidos.<\/p>\n<p>En conferencia de prensa, representantes del Consejo de Jubilados y Pensionados del Estado de Veracruz, AJUPIV y CONJUPEVER, acompa\u00f1ados por la Agrupaci\u00f3n de Jubilados y Pensionados del ISSSTE, denunciaron que la gobernadora Roc\u00edo Nahle Garc\u00eda no ha cumplido los compromisos firmados en una minuta el pasado 16 de mayo, donde se comprometi\u00f3 a saldar los adeudos pendientes.<\/p>\n<p>La presidenta de AJUPIV, Delia Jim\u00e9nez P\u00e9rez, se\u00f1al\u00f3 que, a pesar de los compromisos asumidos por la mandataria estatal, \u201chan pasado cinco meses y solo se ha pagado a dos compa\u00f1eros de m\u00e1s de veinte casos pendientes\u201d.<\/p>\n<p>\u201cNos enga\u00f1\u00f3. Por eso hemos reiniciado nuestras protestas junto con nuestros compa\u00f1eros jubilados del puerto de Veracruz. No se trata de caprichos, sino del cumplimiento de derechos que ya est\u00e1n reconocidos\u201d, expres\u00f3 Jim\u00e9nez.<\/p>\n<p>Durante la rueda de prensa participaron tambi\u00e9n el maestro Rodolfo Su\u00e1rez, la se\u00f1ora Esmeralda G\u00e1lvez, viuda de un maestro fallecido, y la secretaria de organizaci\u00f3n Olga Guti\u00e9rrez, quienes reiteraron que seguir\u00e1n manifest\u00e1ndose \u201ccada jueves\u201d en la Plaza Lerdo hasta obtener una respuesta definitiva.<\/p>\n<p>Los inconformes criticaron adem\u00e1s que la gobernadora haya autorizado la creaci\u00f3n de dos nuevas aseguradoras, sin informar a los beneficiarios ni aclarar la funci\u00f3n de cada una.<\/p>\n<p>\u201cA falta de una aseguradora, ahora cre\u00f3 dos. Ignora que la instancia reguladora es la CONDUSEF y que los recursos provienen de la Secretar\u00eda de Hacienda y Cr\u00e9dito P\u00fablico. Nada de eso se consider\u00f3 en los decretos publicados\u201d, se\u00f1alaron.<\/p>\n<p>Los jubilados recordaron que los seguros de vida corresponden a maestros activos y retirados cuyos recursos ya estaban etiquetados federalmente, por lo que exigen transparencia sobre el destino de esos fondos.<\/p>\n<p>\u201cNos dicen que no hay dinero, que esperemos a que la Secretar\u00eda de Educaci\u00f3n valide los pagos, pero el recurso ya estaba destinado. Queremos saber d\u00f3nde est\u00e1\u201d, cuestionaron los manifestantes.<\/p>\n<p>Finalmente, las organizaciones precisaron sus principales exigencias:<\/p>\n<p>1. Pago inmediato de los 20 seguros institucionales pendientes, cuyos beneficiarios son familiares de maestros fallecidos o jubilados con discapacidad.<br \/>\n2. Transparencia en la operaci\u00f3n de las nuevas aseguradoras creadas por el gobierno estatal.<\/p>\n<p>3. Reinstalaci\u00f3n de la mesa de di\u00e1logo con la Secretar\u00eda de Finanzas y Planeaci\u00f3n (Sefiplan) y la Secretar\u00eda de Educaci\u00f3n de Veracruz (SEV).<\/p>\n<p>Los representantes advirtieron que, mientras no se cumplan los compromisos, mantendr\u00e1n sus manifestaciones semanales frente al Palacio de Gobierno, retomando as\u00ed los tradicionales plantones de los jueves.<\/p>\n","protected":false},"excerpt":{"rendered":"<p>Dar\u00edo Pale Xalapa, Ver.- Acusan a la gobernadora Roc\u00edo Nahle de no respetar acuerdos firmados y crear nuevas aseguradoras sin transparencia. Integrantes de diversas agrupaciones de jubilados y pensionados del estado de Veracruz reanudaron este jueves su plant\u00f3n frente al Palacio de Gobierno, en protesta por el incumplimiento de los pagos correspondientes a seguros de [&hellip;]<\/p>\n","protected":false},"author":2476,"featured_media":72026,"comment_status":"open","ping_status":"open","sticky":false,"template":"","format":"standard","meta":{"_jetpack_memberships_contains_paid_content":false,"footnotes":""},"categories":[3],"tags":[],"class_list":["post-72025","post","type-post","status-publish","format-standard","has-post-thumbnail","hentry","category-xalapa"],"jetpack_featured_media_url":"https:\/\/encuentroinformativo.com.mx\/wp-content\/uploads\/2025\/10\/IMG-20251016-WA0083.jpg","jetpack_sharing_enabled":true,"jetpack_likes_enabled":true,"amp_enabled":true,"_links":{"self":[{"href":"https:\/\/encuentroinformativo.com.mx\/index.php?rest_route=\/wp\/v2\/posts\/72025","targetHints":{"allow":["GET"]}}],"collection":[{"href":"https:\/\/encuentroinformativo.com.mx\/index.php?rest_route=\/wp\/v2\/posts"}],"about":[{"href":"https:\/\/encuentroinformativo.com.mx\/index.php?rest_route=\/wp\/v2\/types\/post"}],"author":[{"embeddable":true,"href":"https:\/\/encuentroinformativo.com.mx\/index.php?rest_route=\/wp\/v2\/users\/2476"}],"replies":[{"embeddable":true,"href":"https:\/\/encuentroinformativo.com.mx\/index.php?rest_route=%2Fwp%2Fv2%2Fcomments&post=72025"}],"version-history":[{"count":1,"href":"https:\/\/encuentroinformativo.com.mx\/index.php?rest_route=\/wp\/v2\/posts\/72025\/revisions"}],"predecessor-version":[{"id":72027,"href":"https:\/\/encuentroinformativo.com.mx\/index.php?rest_route=\/wp\/v2\/posts\/72025\/revisions\/72027"}],"wp:featuredmedia":[{"embeddable":true,"href":"https:\/\/encuentroinformativo.com.mx\/index.php?rest_route=\/wp\/v2\/media\/72026"}],"wp:attachment":[{"href":"https:\/\/encuentroinformativo.com.mx\/index.php?rest_route=%2Fwp%2Fv2%2Fmedia&parent=72025"}],"wp:term":[{"taxonomy":"category","embeddable":true,"href":"https:\/\/encuentroinformativo.com.mx\/index.php?rest_route=%2Fwp%2Fv2%2Fcategories&post=72025"},{"taxonomy":"post_tag","embeddable":true,"href":"https:\/\/encuentroinformativo.com.mx\/index.php?rest_route=%2Fwp%2Fv2%2Ftags&post=72025"}],"curies":[{"name":"wp","href":"https:\/\/api.w.org\/{rel}","templated":true}]}}