{"id":72040,"date":"2025-10-16T14:16:58","date_gmt":"2025-10-16T20:16:58","guid":{"rendered":"https:\/\/encuentroinformativo.com.mx\/?p=72040"},"modified":"2025-10-16T14:16:58","modified_gmt":"2025-10-16T20:16:58","slug":"desde-tlalixcoyan-llevan-ayuda-a-damnificados-de-poza-rica","status":"publish","type":"post","link":"https:\/\/encuentroinformativo.com.mx\/?p=72040","title":{"rendered":"Desde Tlalixcoyan llevan ayuda a damnificados de Poza Rica"},"content":{"rendered":"<p><strong>Alejandro \u00c1vila<\/strong><\/p>\n<p>Tlalixcoyan, Ver.- Tras varios d\u00edas de recolecci\u00f3n de v\u00edveres en los municipios de Tlalixcoyan e Ignacio de la Llave, la noche de este mi\u00e9rcoles 15 de octubre se env\u00edo la comitiva para entregar apoyo a los damnificados del norte de la entidad veracruzana.<\/p>\n<p>Los creadores de contenido involucrados en esta noble causa, Heri Cova, Romain Acosta, Eduardo Estobia, Jonathan Vergara quienes abrieron un centro de acopio en el estudio Multimedios donde la poblaci\u00f3n de ambos municipios se dieron cita para aportar un granito de arena en apoyo a la emergencia que vive la zona norte de Veracruz.<\/p>\n<p>Cabe destacar que este apoyo tiene la finalidad de entregarse en las localidades que han se\u00f1alado a trav\u00e9s de redes sociales han recibido menos apoyo por parte de los gobernantes en turnos.<\/p>\n<p><img loading=\"lazy\" decoding=\"async\" class=\"aligncenter size-medium wp-image-72042\" src=\"https:\/\/encuentroinformativo.com.mx\/wp-content\/uploads\/2025\/10\/IMG-20251016-WA0240-300x225.jpg\" alt=\"\" width=\"300\" height=\"225\" srcset=\"https:\/\/encuentroinformativo.com.mx\/wp-content\/uploads\/2025\/10\/IMG-20251016-WA0240-300x225.jpg 300w, https:\/\/encuentroinformativo.com.mx\/wp-content\/uploads\/2025\/10\/IMG-20251016-WA0240-1024x768.jpg 1024w, https:\/\/encuentroinformativo.com.mx\/wp-content\/uploads\/2025\/10\/IMG-20251016-WA0240-768x576.jpg 768w, https:\/\/encuentroinformativo.com.mx\/wp-content\/uploads\/2025\/10\/IMG-20251016-WA0240-1536x1152.jpg 1536w, https:\/\/encuentroinformativo.com.mx\/wp-content\/uploads\/2025\/10\/IMG-20251016-WA0240.jpg 1600w\" sizes=\"auto, (max-width: 300px) 100vw, 300px\" \/><\/p>\n","protected":false},"excerpt":{"rendered":"<p>Alejandro \u00c1vila Tlalixcoyan, Ver.- Tras varios d\u00edas de recolecci\u00f3n de v\u00edveres en los municipios de Tlalixcoyan e Ignacio de la Llave, la noche de este mi\u00e9rcoles 15 de octubre se env\u00edo la comitiva para entregar apoyo a los damnificados del norte de la entidad veracruzana. Los creadores de contenido involucrados en esta noble causa, Heri [&hellip;]<\/p>\n","protected":false},"author":2476,"featured_media":72041,"comment_status":"open","ping_status":"open","sticky":false,"template":"","format":"standard","meta":{"_jetpack_memberships_contains_paid_content":false,"footnotes":""},"categories":[2],"tags":[],"class_list":["post-72040","post","type-post","status-publish","format-standard","has-post-thumbnail","hentry","category-estado"],"jetpack_featured_media_url":"https:\/\/encuentroinformativo.com.mx\/wp-content\/uploads\/2025\/10\/IMG-20251016-WA0241.jpg","jetpack_sharing_enabled":true,"jetpack_likes_enabled":true,"amp_enabled":true,"_links":{"self":[{"href":"https:\/\/encuentroinformativo.com.mx\/index.php?rest_route=\/wp\/v2\/posts\/72040","targetHints":{"allow":["GET"]}}],"collection":[{"href":"https:\/\/encuentroinformativo.com.mx\/index.php?rest_route=\/wp\/v2\/posts"}],"about":[{"href":"https:\/\/encuentroinformativo.com.mx\/index.php?rest_route=\/wp\/v2\/types\/post"}],"author":[{"embeddable":true,"href":"https:\/\/encuentroinformativo.com.mx\/index.php?rest_route=\/wp\/v2\/users\/2476"}],"replies":[{"embeddable":true,"href":"https:\/\/encuentroinformativo.com.mx\/index.php?rest_route=%2Fwp%2Fv2%2Fcomments&post=72040"}],"version-history":[{"count":1,"href":"https:\/\/encuentroinformativo.com.mx\/index.php?rest_route=\/wp\/v2\/posts\/72040\/revisions"}],"predecessor-version":[{"id":72043,"href":"https:\/\/encuentroinformativo.com.mx\/index.php?rest_route=\/wp\/v2\/posts\/72040\/revisions\/72043"}],"wp:featuredmedia":[{"embeddable":true,"href":"https:\/\/encuentroinformativo.com.mx\/index.php?rest_route=\/wp\/v2\/media\/72041"}],"wp:attachment":[{"href":"https:\/\/encuentroinformativo.com.mx\/index.php?rest_route=%2Fwp%2Fv2%2Fmedia&parent=72040"}],"wp:term":[{"taxonomy":"category","embeddable":true,"href":"https:\/\/encuentroinformativo.com.mx\/index.php?rest_route=%2Fwp%2Fv2%2Fcategories&post=72040"},{"taxonomy":"post_tag","embeddable":true,"href":"https:\/\/encuentroinformativo.com.mx\/index.php?rest_route=%2Fwp%2Fv2%2Ftags&post=72040"}],"curies":[{"name":"wp","href":"https:\/\/api.w.org\/{rel}","templated":true}]}}