{"id":72044,"date":"2025-10-16T14:36:45","date_gmt":"2025-10-16T20:36:45","guid":{"rendered":"https:\/\/encuentroinformativo.com.mx\/?p=72044"},"modified":"2025-10-16T14:36:45","modified_gmt":"2025-10-16T20:36:45","slug":"veracruz-sera-sede-del-cuarto-congreso-internacional-de-pediatria","status":"publish","type":"post","link":"https:\/\/encuentroinformativo.com.mx\/?p=72044","title":{"rendered":"Veracruz ser\u00e1 sede del Cuarto Congreso Internacional de Pediatr\u00eda"},"content":{"rendered":"<p><strong>Dar\u00edo Pale<\/strong><\/p>\n<p>Xalapa, Ver.- El doctor Daniel Alejandro Chan V\u00e1zquez, cirujano pediatra y representante del Colegio de Pediatras del Estado de Veracruz, anunci\u00f3 la realizaci\u00f3n del Cuarto Congreso Internacional de Pediatr\u00eda, que se llevar\u00e1 a cabo los d\u00edas 23, 24 y 25 de octubre en el Hotel Galer\u00eda Plaza de Boca del R\u00edo, Veracruz.<\/p>\n<p>El especialista explic\u00f3 que este encuentro reunir\u00e1 a profesores internacionales, nacionales, regionales y locales, con el objetivo de compartir los avances m\u00e1s recientes en la atenci\u00f3n m\u00e9dica infantil.<\/p>\n<p>\u201cQueremos reunir a los mejores expertos en pediatr\u00eda en cada una de sus \u00e1reas. La invitaci\u00f3n es para m\u00e9dicos generales, pediatras, m\u00e9dicos familiares, estudiantes, enfermeras y todo el personal de salud involucrado con la atenci\u00f3n de los ni\u00f1os\u201d, expres\u00f3 Chan V\u00e1zquez.<\/p>\n<p>Durante los tres d\u00edas se abordar\u00e1n temas clave como neonatolog\u00eda, vacunaci\u00f3n, urgencias pedi\u00e1tricas y oncolog\u00eda infantil, adem\u00e1s de realizar talleres especializados sobre interpretaci\u00f3n de im\u00e1genes m\u00e9dicas y detecci\u00f3n oportuna del c\u00e1ncer infantil.<\/p>\n<p>De manera especial, el evento incluir\u00e1 un taller dirigido a ni\u00f1os de sexto grado de primaria, donde se les hablar\u00e1 sobre sus derechos, la sexualidad infantil y la prevenci\u00f3n del maltrato.<\/p>\n<p>\u201cQueremos que los ni\u00f1os est\u00e9n informados, que sepan identificar situaciones de riesgo y est\u00e9n preparados ante cualquier evento de este tipo\u201d, agreg\u00f3 el doctor.<\/p>\n<p>En el marco del congreso, Chan V\u00e1zquez tambi\u00e9n hizo un llamado a los padres de familia para vacunar a sus hijos contra la influenza, ya que inicia la temporada invernal en la que aumentan los casos de esta enfermedad, adem\u00e1s del COVID-19.<\/p>\n<p>Explic\u00f3 que algunos padres a\u00fan muestran resistencia a aplicar esta vacuna, aunque la mayor\u00eda de los casos se debe a la falta de informaci\u00f3n.<\/p>\n<p>\u201cSi los padres conocen los beneficios y entienden que las reacciones son m\u00ednimas, m\u00e1s del 50 por ciento de los que dudaban aceptan vacunar a sus hijos. Lo que buscan los padres es que los ni\u00f1os est\u00e9n bien y no falten a la escuela por enfermedad\u201d, se\u00f1al\u00f3.<\/p>\n<p>Indic\u00f3 que la vacuna puede aplicarse desde los seis meses de edad y debe repetirse cada a\u00f1o, pues ya se encuentra disponible en centros de salud y hospitales.<\/p>\n<p>Finalmente, reiter\u00f3 la invitaci\u00f3n a todos los profesionales de la salud a participar en este importante encuentro acad\u00e9mico que busca fortalecer la atenci\u00f3n pedi\u00e1trica en Veracruz y en todo el pa\u00eds.<\/p>\n","protected":false},"excerpt":{"rendered":"<p>Dar\u00edo Pale Xalapa, Ver.- El doctor Daniel Alejandro Chan V\u00e1zquez, cirujano pediatra y representante del Colegio de Pediatras del Estado de Veracruz, anunci\u00f3 la realizaci\u00f3n del Cuarto Congreso Internacional de Pediatr\u00eda, que se llevar\u00e1 a cabo los d\u00edas 23, 24 y 25 de octubre en el Hotel Galer\u00eda Plaza de Boca del R\u00edo, Veracruz. El [&hellip;]<\/p>\n","protected":false},"author":2476,"featured_media":72045,"comment_status":"open","ping_status":"open","sticky":false,"template":"","format":"standard","meta":{"_jetpack_memberships_contains_paid_content":false,"footnotes":""},"categories":[9],"tags":[],"class_list":["post-72044","post","type-post","status-publish","format-standard","has-post-thumbnail","hentry","category-salud"],"jetpack_featured_media_url":"https:\/\/encuentroinformativo.com.mx\/wp-content\/uploads\/2025\/10\/IMG-20251016-WA0207.jpg","jetpack_sharing_enabled":true,"jetpack_likes_enabled":true,"amp_enabled":true,"_links":{"self":[{"href":"https:\/\/encuentroinformativo.com.mx\/index.php?rest_route=\/wp\/v2\/posts\/72044","targetHints":{"allow":["GET"]}}],"collection":[{"href":"https:\/\/encuentroinformativo.com.mx\/index.php?rest_route=\/wp\/v2\/posts"}],"about":[{"href":"https:\/\/encuentroinformativo.com.mx\/index.php?rest_route=\/wp\/v2\/types\/post"}],"author":[{"embeddable":true,"href":"https:\/\/encuentroinformativo.com.mx\/index.php?rest_route=\/wp\/v2\/users\/2476"}],"replies":[{"embeddable":true,"href":"https:\/\/encuentroinformativo.com.mx\/index.php?rest_route=%2Fwp%2Fv2%2Fcomments&post=72044"}],"version-history":[{"count":1,"href":"https:\/\/encuentroinformativo.com.mx\/index.php?rest_route=\/wp\/v2\/posts\/72044\/revisions"}],"predecessor-version":[{"id":72046,"href":"https:\/\/encuentroinformativo.com.mx\/index.php?rest_route=\/wp\/v2\/posts\/72044\/revisions\/72046"}],"wp:featuredmedia":[{"embeddable":true,"href":"https:\/\/encuentroinformativo.com.mx\/index.php?rest_route=\/wp\/v2\/media\/72045"}],"wp:attachment":[{"href":"https:\/\/encuentroinformativo.com.mx\/index.php?rest_route=%2Fwp%2Fv2%2Fmedia&parent=72044"}],"wp:term":[{"taxonomy":"category","embeddable":true,"href":"https:\/\/encuentroinformativo.com.mx\/index.php?rest_route=%2Fwp%2Fv2%2Fcategories&post=72044"},{"taxonomy":"post_tag","embeddable":true,"href":"https:\/\/encuentroinformativo.com.mx\/index.php?rest_route=%2Fwp%2Fv2%2Ftags&post=72044"}],"curies":[{"name":"wp","href":"https:\/\/api.w.org\/{rel}","templated":true}]}}