{"id":72056,"date":"2025-10-16T21:05:23","date_gmt":"2025-10-17T03:05:23","guid":{"rendered":"https:\/\/encuentroinformativo.com.mx\/?p=72056"},"modified":"2025-10-17T07:45:52","modified_gmt":"2025-10-17T13:45:52","slug":"se-registro-tragico-accidente-en-la-carretera-oteapan-jaltipan","status":"publish","type":"post","link":"https:\/\/encuentroinformativo.com.mx\/?p=72056","title":{"rendered":"Se registr\u00f3 tr\u00e1gico accidente en la carretera Oteapan\u2013J\u00e1ltipan"},"content":{"rendered":"<p><strong>* El percance deja dos personas sin vida y cinco lesionadas.<\/strong><\/p>\n<p><strong>Jos\u00e9 Vargas<\/strong><\/p>\n<p>Oteapan, Ver.- Un tr\u00e1gico accidente registrado la tarde de este jueves sobre la carretera Oteapan &#8211; J\u00e1ltipan, a la altura de la colonia El Porvenir, dej\u00f3 como saldo dos personas fallecidas y cinco lesionadas, entre ellas cuatro trabajadoras de una tienda departamental.<\/p>\n<p>De acuerdo con testigos, un cami\u00f3n de pasaje se encontraba estacionado a orilla de la carretera debido a una falla mec\u00e1nica, cuando un tractocami\u00f3n que circulaba a exceso de velocidad no logr\u00f3 frenar e impact\u00f3 por alcance a un veh\u00edculo particular, el cual termin\u00f3 prensado y reducido a chatarra entre ambas unidades.<\/p>\n<p>Elementos de Protecci\u00f3n Civil de Cosoleacaque, Oteapan y J\u00e1ltipan, junto con personal de rescate, realizaron maniobras de triage y traslado de heridos. Cuatro de los lesionados fueron canalizados al IMSS de Minatitl\u00e1n, identificados como:<\/p>\n<p>Fabiola Suriano Hern\u00e1ndez, de 42 a\u00f1os.<\/p>\n<p>Karen Anah\u00ed Ram\u00edrez Espinoza, de 37 a\u00f1os.<\/p>\n<p>Hilda del Rosario Carrillo Codi, de 33 a\u00f1os.<\/p>\n<p>Dulce Novani Ya\u00f1ez, de 33 a\u00f1os, quien present\u00f3 desorientaci\u00f3n tras el impacto.<\/p>\n<p>Todas ellas manifestaron ser empleadas de la tienda Aurrer\u00e1. Una quinta persona lesionada fue atendida en el lugar por param\u00e9dicos.<\/p>\n<p>Elementos de la Polic\u00eda Municipal de Oteapan, J\u00e1ltipan y Cosoleacaque, as\u00ed como de la Polic\u00eda Estatal, acordonaron el \u00e1rea y tomaron conocimiento de los hechos, mientras que personal de la Fiscal\u00eda General del Estado (FGE) llev\u00f3 a cabo las diligencias correspondientes y coordin\u00f3 el rescate de los cuerpos, que quedaron prensados dentro del veh\u00edculo particular.<\/p>\n<p>Hasta el cierre de esta edici\u00f3n, las identidades de las dos personas fallecidas no hab\u00edan sido confirmadas por las autoridades.<\/p>\n<p>El accidente gener\u00f3 un largo congestionamiento vehicular en ambos sentidos de la carretera Oteapan\u2013J\u00e1ltipan, mientras los cuerpos de emergencia trabajaban en el lugar.<\/p>\n<p><img loading=\"lazy\" decoding=\"async\" class=\"aligncenter size-medium wp-image-72058\" src=\"https:\/\/encuentroinformativo.com.mx\/wp-content\/uploads\/2025\/10\/IMG-20251016-WA04002-225x300.jpg\" alt=\"\" width=\"225\" height=\"300\" srcset=\"https:\/\/encuentroinformativo.com.mx\/wp-content\/uploads\/2025\/10\/IMG-20251016-WA04002-225x300.jpg 225w, https:\/\/encuentroinformativo.com.mx\/wp-content\/uploads\/2025\/10\/IMG-20251016-WA04002-768x1024.jpg 768w, https:\/\/encuentroinformativo.com.mx\/wp-content\/uploads\/2025\/10\/IMG-20251016-WA04002.jpg 960w\" sizes=\"auto, (max-width: 225px) 100vw, 225px\" \/><\/p>\n","protected":false},"excerpt":{"rendered":"<p>* El percance deja dos personas sin vida y cinco lesionadas. Jos\u00e9 Vargas Oteapan, Ver.- Un tr\u00e1gico accidente registrado la tarde de este jueves sobre la carretera Oteapan &#8211; J\u00e1ltipan, a la altura de la colonia El Porvenir, dej\u00f3 como saldo dos personas fallecidas y cinco lesionadas, entre ellas cuatro trabajadoras de una tienda departamental. [&hellip;]<\/p>\n","protected":false},"author":2476,"featured_media":72057,"comment_status":"open","ping_status":"open","sticky":false,"template":"","format":"standard","meta":{"_jetpack_memberships_contains_paid_content":false,"footnotes":""},"categories":[2],"tags":[],"class_list":["post-72056","post","type-post","status-publish","format-standard","has-post-thumbnail","hentry","category-estado"],"jetpack_featured_media_url":"https:\/\/encuentroinformativo.com.mx\/wp-content\/uploads\/2025\/10\/IMG-20251016-WA0340.jpg","jetpack_sharing_enabled":true,"jetpack_likes_enabled":true,"amp_enabled":true,"_links":{"self":[{"href":"https:\/\/encuentroinformativo.com.mx\/index.php?rest_route=\/wp\/v2\/posts\/72056","targetHints":{"allow":["GET"]}}],"collection":[{"href":"https:\/\/encuentroinformativo.com.mx\/index.php?rest_route=\/wp\/v2\/posts"}],"about":[{"href":"https:\/\/encuentroinformativo.com.mx\/index.php?rest_route=\/wp\/v2\/types\/post"}],"author":[{"embeddable":true,"href":"https:\/\/encuentroinformativo.com.mx\/index.php?rest_route=\/wp\/v2\/users\/2476"}],"replies":[{"embeddable":true,"href":"https:\/\/encuentroinformativo.com.mx\/index.php?rest_route=%2Fwp%2Fv2%2Fcomments&post=72056"}],"version-history":[{"count":2,"href":"https:\/\/encuentroinformativo.com.mx\/index.php?rest_route=\/wp\/v2\/posts\/72056\/revisions"}],"predecessor-version":[{"id":72061,"href":"https:\/\/encuentroinformativo.com.mx\/index.php?rest_route=\/wp\/v2\/posts\/72056\/revisions\/72061"}],"wp:featuredmedia":[{"embeddable":true,"href":"https:\/\/encuentroinformativo.com.mx\/index.php?rest_route=\/wp\/v2\/media\/72057"}],"wp:attachment":[{"href":"https:\/\/encuentroinformativo.com.mx\/index.php?rest_route=%2Fwp%2Fv2%2Fmedia&parent=72056"}],"wp:term":[{"taxonomy":"category","embeddable":true,"href":"https:\/\/encuentroinformativo.com.mx\/index.php?rest_route=%2Fwp%2Fv2%2Fcategories&post=72056"},{"taxonomy":"post_tag","embeddable":true,"href":"https:\/\/encuentroinformativo.com.mx\/index.php?rest_route=%2Fwp%2Fv2%2Ftags&post=72056"}],"curies":[{"name":"wp","href":"https:\/\/api.w.org\/{rel}","templated":true}]}}