{"id":72062,"date":"2025-10-17T07:50:18","date_gmt":"2025-10-17T13:50:18","guid":{"rendered":"https:\/\/encuentroinformativo.com.mx\/?p=72062"},"modified":"2025-10-17T07:50:18","modified_gmt":"2025-10-17T13:50:18","slug":"en-parque-dona-falla-esperan-repunte-de-ventas-con-flor-de-cempasuchil","status":"publish","type":"post","link":"https:\/\/encuentroinformativo.com.mx\/?p=72062","title":{"rendered":"En parque Do\u00f1a Falla, esperan repunte de ventas con flor de cempas\u00fachil"},"content":{"rendered":"<p><strong>Magnolia Reyes<\/strong><\/p>\n<p>Xalapa, Ver.- Vendedores de flor de Cempas\u00fachil ubicados en el parque do\u00f1a Falla conf\u00edan en un repunte de sus ventas ante la proximidad de los d\u00edas de Todos Santos.<\/p>\n<p>As\u00ed lo coment\u00f3 Gloria Morales quien reconoci\u00f3 que los meses de agosto y septiembre representan una temporada baja para ellos, sin embargo, es en esta \u00e9poca a partir del mes de octubre cuando comienzan a registrar mayores ventas.<\/p>\n<p>\u201cEn octubre empieza a repuntar la venta, esperamos que con la flor de cempas\u00fachil mejore\u2026 esperamos un repunte de alrededor del 30 por ciento. Nuestra producci\u00f3n increment\u00f3 alrededor de un 30 por ciento porque a veces nos hemos quedado cortos al final no llegamos a las fechas que se vende m\u00e1s por eso incrementamos la producci\u00f3n este a\u00f1o\u201d.<\/p>\n<p>Finalmente Gloria hizo una invitaci\u00f3n a todas las personas que gusten de adornar sus hogares o colocar altares en los tradicionales \u201cD\u00edas de Muertos\u201d para que acudan al parque en busca de las flores de Cempas\u00fachil.<\/p>\n<p>\u201cLos esperamos para que lleven sus plantas para adornar sus altares o sus casas\u201d, puntualiz\u00f3.<\/p>\n<p><img loading=\"lazy\" decoding=\"async\" class=\"aligncenter size-medium wp-image-72064\" src=\"https:\/\/encuentroinformativo.com.mx\/wp-content\/uploads\/2025\/10\/IMG_20251012_113959_1300_x_1080_pixel2-300x198.jpg\" alt=\"\" width=\"300\" height=\"198\" srcset=\"https:\/\/encuentroinformativo.com.mx\/wp-content\/uploads\/2025\/10\/IMG_20251012_113959_1300_x_1080_pixel2-300x198.jpg 300w, https:\/\/encuentroinformativo.com.mx\/wp-content\/uploads\/2025\/10\/IMG_20251012_113959_1300_x_1080_pixel2-1024x677.jpg 1024w, https:\/\/encuentroinformativo.com.mx\/wp-content\/uploads\/2025\/10\/IMG_20251012_113959_1300_x_1080_pixel2-768x507.jpg 768w, https:\/\/encuentroinformativo.com.mx\/wp-content\/uploads\/2025\/10\/IMG_20251012_113959_1300_x_1080_pixel2.jpg 1300w\" sizes=\"auto, (max-width: 300px) 100vw, 300px\" \/><\/p>\n","protected":false},"excerpt":{"rendered":"<p>Magnolia Reyes Xalapa, Ver.- Vendedores de flor de Cempas\u00fachil ubicados en el parque do\u00f1a Falla conf\u00edan en un repunte de sus ventas ante la proximidad de los d\u00edas de Todos Santos. As\u00ed lo coment\u00f3 Gloria Morales quien reconoci\u00f3 que los meses de agosto y septiembre representan una temporada baja para ellos, sin embargo, es en [&hellip;]<\/p>\n","protected":false},"author":2476,"featured_media":72063,"comment_status":"open","ping_status":"open","sticky":false,"template":"","format":"standard","meta":{"_jetpack_memberships_contains_paid_content":false,"footnotes":""},"categories":[3],"tags":[],"class_list":["post-72062","post","type-post","status-publish","format-standard","has-post-thumbnail","hentry","category-xalapa"],"jetpack_featured_media_url":"https:\/\/encuentroinformativo.com.mx\/wp-content\/uploads\/2025\/10\/IMG_20251012_114535_1300_x_1080_pixel2.jpg","jetpack_sharing_enabled":true,"jetpack_likes_enabled":true,"amp_enabled":true,"_links":{"self":[{"href":"https:\/\/encuentroinformativo.com.mx\/index.php?rest_route=\/wp\/v2\/posts\/72062","targetHints":{"allow":["GET"]}}],"collection":[{"href":"https:\/\/encuentroinformativo.com.mx\/index.php?rest_route=\/wp\/v2\/posts"}],"about":[{"href":"https:\/\/encuentroinformativo.com.mx\/index.php?rest_route=\/wp\/v2\/types\/post"}],"author":[{"embeddable":true,"href":"https:\/\/encuentroinformativo.com.mx\/index.php?rest_route=\/wp\/v2\/users\/2476"}],"replies":[{"embeddable":true,"href":"https:\/\/encuentroinformativo.com.mx\/index.php?rest_route=%2Fwp%2Fv2%2Fcomments&post=72062"}],"version-history":[{"count":1,"href":"https:\/\/encuentroinformativo.com.mx\/index.php?rest_route=\/wp\/v2\/posts\/72062\/revisions"}],"predecessor-version":[{"id":72065,"href":"https:\/\/encuentroinformativo.com.mx\/index.php?rest_route=\/wp\/v2\/posts\/72062\/revisions\/72065"}],"wp:featuredmedia":[{"embeddable":true,"href":"https:\/\/encuentroinformativo.com.mx\/index.php?rest_route=\/wp\/v2\/media\/72063"}],"wp:attachment":[{"href":"https:\/\/encuentroinformativo.com.mx\/index.php?rest_route=%2Fwp%2Fv2%2Fmedia&parent=72062"}],"wp:term":[{"taxonomy":"category","embeddable":true,"href":"https:\/\/encuentroinformativo.com.mx\/index.php?rest_route=%2Fwp%2Fv2%2Fcategories&post=72062"},{"taxonomy":"post_tag","embeddable":true,"href":"https:\/\/encuentroinformativo.com.mx\/index.php?rest_route=%2Fwp%2Fv2%2Ftags&post=72062"}],"curies":[{"name":"wp","href":"https:\/\/api.w.org\/{rel}","templated":true}]}}