{"id":72071,"date":"2025-10-17T12:33:05","date_gmt":"2025-10-17T18:33:05","guid":{"rendered":"https:\/\/encuentroinformativo.com.mx\/?p=72071"},"modified":"2025-10-17T12:33:05","modified_gmt":"2025-10-17T18:33:05","slug":"refuerzan-acciones-preventivas-contra-cancer-de-mama","status":"publish","type":"post","link":"https:\/\/encuentroinformativo.com.mx\/?p=72071","title":{"rendered":"Refuerzan acciones preventivas contra c\u00e1ncer de mama"},"content":{"rendered":"<p><strong>Dar\u00edo Pale<\/strong><\/p>\n<p>Xalapa, Ver.- En el marco del \u201cMes Rosa\u201d, personal m\u00e9dico del Centro de Salud de Sebasti\u00e1n Lerdo de Tejada refuerza las acciones de sensibilizaci\u00f3n sobre la importancia de la autoexploraci\u00f3n y la detecci\u00f3n temprana del c\u00e1ncer de mama, una de las principales causas de muerte entre las mujeres mexicanas.<\/p>\n<p>La doctora Sagrario Ortega Valderas, responsable del \u00e1rea de salud, explic\u00f3 que la campa\u00f1a tiene como objetivo reafirmar la informaci\u00f3n que se difunde durante todo el a\u00f1o, pero con mayor \u00e9nfasis en octubre, cuando se conmemora el mes de la lucha contra el c\u00e1ncer de mama.<\/p>\n<p>\u201cA veces las mujeres esperaban este mes para acudir a revisarse, pero la exploraci\u00f3n debe realizarse todo el a\u00f1o. Octubre es solo un recordatorio, un refuerzo\u201d, destac\u00f3 la m\u00e9dica.<\/p>\n<p>Ortega Valderas precis\u00f3 que el c\u00e1ncer de mama ocupa la segunda causa de muerte entre las mujeres y subray\u00f3 que cada vez hay m\u00e1s conciencia sobre la importancia del autocuidado.<\/p>\n<p>\u201cMuchas pacientes ya conocen los pasos para la autoexploraci\u00f3n, saben detectar cambios en su cuerpo y acuden al centro de salud cuando notan alguna anomal\u00eda\u201d, explic\u00f3.<\/p>\n<p>La doctora se\u00f1al\u00f3 que la educaci\u00f3n sobre la salud mamaria debe comenzar desde la adolescencia.<\/p>\n<p>\u201cDesde que la ni\u00f1a inicia su menstruaci\u00f3n, la mam\u00e1 debe ense\u00f1arle la autoexploraci\u00f3n. Tambi\u00e9n impartimos pl\u00e1ticas en secundarias y primarias para que las j\u00f3venes conozcan su cuerpo y aprendan a detectar se\u00f1ales de alerta\u201d, coment\u00f3.<\/p>\n<p>En el Centro de Salud de Lerdo de Tejada, la exploraci\u00f3n mamaria se realiza de manera complementaria durante la atenci\u00f3n ginecol\u00f3gica.<\/p>\n<p>\u201cCuando una mujer acude por su Papanicolau, la enfermera aprovecha para realizarle la exploraci\u00f3n mamaria. Si la paciente detecta algo anormal, se canaliza para estudios m\u00e1s profundos\u201d, explic\u00f3.<\/p>\n<p>La mastograf\u00eda, a\u00f1adi\u00f3, se recomienda a partir de los 40 a\u00f1os de edad, o antes si existen factores de riesgo familiares. A partir de la primera mastograf\u00eda se determina la periodicidad de los estudios de seguimiento.<\/p>\n<p>En lo que va del a\u00f1o, tres pacientes han sido detectadas con c\u00e1ncer de mama en el \u00e1rea de trabajo de la doctora Ortega Valderas, quien atiende uno de los cinco consultorios del turno matutino.<\/p>\n<p>\u201cDetectamos los casos aqu\u00ed y los canalizamos al Centro Estatal de Cancerolog\u00eda (SECAM) para su tratamiento. La detecci\u00f3n no requiere insumos costosos, sino voluntad del personal y de las pacientes para acudir y revisarse\u201d, puntualiz\u00f3.<\/p>\n<p>La doctora reiter\u00f3 la invitaci\u00f3n a todas las mujeres del municipio a no esperar a octubre para revisarse, y acudir al centro de salud en cualquier momento del a\u00f1o para realizar su autoexploraci\u00f3n guiada o recibir una valoraci\u00f3n m\u00e9dica.<\/p>\n<p>Finalmente se\u00f1al\u00f3 que, \u201cla prevenci\u00f3n salva vidas. La autoexploraci\u00f3n es el primer paso para detectar a tiempo el c\u00e1ncer de mama\u201d.<\/p>\n","protected":false},"excerpt":{"rendered":"<p>Dar\u00edo Pale Xalapa, Ver.- En el marco del \u201cMes Rosa\u201d, personal m\u00e9dico del Centro de Salud de Sebasti\u00e1n Lerdo de Tejada refuerza las acciones de sensibilizaci\u00f3n sobre la importancia de la autoexploraci\u00f3n y la detecci\u00f3n temprana del c\u00e1ncer de mama, una de las principales causas de muerte entre las mujeres mexicanas. La doctora Sagrario Ortega [&hellip;]<\/p>\n","protected":false},"author":2476,"featured_media":72072,"comment_status":"open","ping_status":"open","sticky":false,"template":"","format":"standard","meta":{"_jetpack_memberships_contains_paid_content":false,"footnotes":""},"categories":[9],"tags":[],"class_list":["post-72071","post","type-post","status-publish","format-standard","has-post-thumbnail","hentry","category-salud"],"jetpack_featured_media_url":"https:\/\/encuentroinformativo.com.mx\/wp-content\/uploads\/2025\/10\/IMG-20251017-WA0191.jpg","jetpack_sharing_enabled":true,"jetpack_likes_enabled":true,"amp_enabled":true,"_links":{"self":[{"href":"https:\/\/encuentroinformativo.com.mx\/index.php?rest_route=\/wp\/v2\/posts\/72071","targetHints":{"allow":["GET"]}}],"collection":[{"href":"https:\/\/encuentroinformativo.com.mx\/index.php?rest_route=\/wp\/v2\/posts"}],"about":[{"href":"https:\/\/encuentroinformativo.com.mx\/index.php?rest_route=\/wp\/v2\/types\/post"}],"author":[{"embeddable":true,"href":"https:\/\/encuentroinformativo.com.mx\/index.php?rest_route=\/wp\/v2\/users\/2476"}],"replies":[{"embeddable":true,"href":"https:\/\/encuentroinformativo.com.mx\/index.php?rest_route=%2Fwp%2Fv2%2Fcomments&post=72071"}],"version-history":[{"count":1,"href":"https:\/\/encuentroinformativo.com.mx\/index.php?rest_route=\/wp\/v2\/posts\/72071\/revisions"}],"predecessor-version":[{"id":72073,"href":"https:\/\/encuentroinformativo.com.mx\/index.php?rest_route=\/wp\/v2\/posts\/72071\/revisions\/72073"}],"wp:featuredmedia":[{"embeddable":true,"href":"https:\/\/encuentroinformativo.com.mx\/index.php?rest_route=\/wp\/v2\/media\/72072"}],"wp:attachment":[{"href":"https:\/\/encuentroinformativo.com.mx\/index.php?rest_route=%2Fwp%2Fv2%2Fmedia&parent=72071"}],"wp:term":[{"taxonomy":"category","embeddable":true,"href":"https:\/\/encuentroinformativo.com.mx\/index.php?rest_route=%2Fwp%2Fv2%2Fcategories&post=72071"},{"taxonomy":"post_tag","embeddable":true,"href":"https:\/\/encuentroinformativo.com.mx\/index.php?rest_route=%2Fwp%2Fv2%2Ftags&post=72071"}],"curies":[{"name":"wp","href":"https:\/\/api.w.org\/{rel}","templated":true}]}}