{"id":72084,"date":"2025-10-17T15:35:23","date_gmt":"2025-10-17T21:35:23","guid":{"rendered":"https:\/\/encuentroinformativo.com.mx\/?p=72084"},"modified":"2025-10-17T15:35:23","modified_gmt":"2025-10-17T21:35:23","slug":"identifican-a-una-de-las-victimas-del-accidente-en-la-carretera-oteapan-jaltipan","status":"publish","type":"post","link":"https:\/\/encuentroinformativo.com.mx\/?p=72084","title":{"rendered":"Identifican a una de las v\u00edctimas del accidente en la carretera Oteapan &#8211; J\u00e1ltipan"},"content":{"rendered":"<p><strong>Jos\u00e9 Vargas<\/strong><\/p>\n<p>Sayula de Alem\u00e1n, Ver.- Fue identificado como Emanuel L\u00f3pez Marcial, de 22 a\u00f1os de edad, una de las v\u00edctimas mortales del accidente registrado la tarde del jueves sobre la carretera Oteapan\u2013J\u00e1ltipan, al sur del estado de Veracruz.<\/p>\n<p>De acuerdo con los reportes preliminares, el percance ocurri\u00f3 cuando un tractocami\u00f3n no alcanz\u00f3 a frenar a tiempo, impactando a un veh\u00edculo particular y proyect\u00e1ndolo contra un autob\u00fas de pasajeros, lo que dej\u00f3 un saldo de personas fallecidas y varios lesionados.<\/p>\n<p>Las autoridades ministeriales contin\u00faan con las investigaciones correspondientes para determinar las causas exactas del siniestro y deslindar responsabilidades.<\/p>\n<p>El joven era originario del municipio de Sayula de Alem\u00e1n, donde familiares y amigos lamentan profundamente su fallecimiento.<\/p>\n","protected":false},"excerpt":{"rendered":"<p>Jos\u00e9 Vargas Sayula de Alem\u00e1n, Ver.- Fue identificado como Emanuel L\u00f3pez Marcial, de 22 a\u00f1os de edad, una de las v\u00edctimas mortales del accidente registrado la tarde del jueves sobre la carretera Oteapan\u2013J\u00e1ltipan, al sur del estado de Veracruz. De acuerdo con los reportes preliminares, el percance ocurri\u00f3 cuando un tractocami\u00f3n no alcanz\u00f3 a frenar [&hellip;]<\/p>\n","protected":false},"author":2476,"featured_media":72085,"comment_status":"open","ping_status":"open","sticky":false,"template":"","format":"standard","meta":{"_jetpack_memberships_contains_paid_content":false,"footnotes":""},"categories":[2],"tags":[],"class_list":["post-72084","post","type-post","status-publish","format-standard","has-post-thumbnail","hentry","category-estado"],"jetpack_featured_media_url":"https:\/\/encuentroinformativo.com.mx\/wp-content\/uploads\/2025\/10\/IMG-20251017-WA0350.jpg","jetpack_sharing_enabled":true,"jetpack_likes_enabled":true,"amp_enabled":true,"_links":{"self":[{"href":"https:\/\/encuentroinformativo.com.mx\/index.php?rest_route=\/wp\/v2\/posts\/72084","targetHints":{"allow":["GET"]}}],"collection":[{"href":"https:\/\/encuentroinformativo.com.mx\/index.php?rest_route=\/wp\/v2\/posts"}],"about":[{"href":"https:\/\/encuentroinformativo.com.mx\/index.php?rest_route=\/wp\/v2\/types\/post"}],"author":[{"embeddable":true,"href":"https:\/\/encuentroinformativo.com.mx\/index.php?rest_route=\/wp\/v2\/users\/2476"}],"replies":[{"embeddable":true,"href":"https:\/\/encuentroinformativo.com.mx\/index.php?rest_route=%2Fwp%2Fv2%2Fcomments&post=72084"}],"version-history":[{"count":2,"href":"https:\/\/encuentroinformativo.com.mx\/index.php?rest_route=\/wp\/v2\/posts\/72084\/revisions"}],"predecessor-version":[{"id":72087,"href":"https:\/\/encuentroinformativo.com.mx\/index.php?rest_route=\/wp\/v2\/posts\/72084\/revisions\/72087"}],"wp:featuredmedia":[{"embeddable":true,"href":"https:\/\/encuentroinformativo.com.mx\/index.php?rest_route=\/wp\/v2\/media\/72085"}],"wp:attachment":[{"href":"https:\/\/encuentroinformativo.com.mx\/index.php?rest_route=%2Fwp%2Fv2%2Fmedia&parent=72084"}],"wp:term":[{"taxonomy":"category","embeddable":true,"href":"https:\/\/encuentroinformativo.com.mx\/index.php?rest_route=%2Fwp%2Fv2%2Fcategories&post=72084"},{"taxonomy":"post_tag","embeddable":true,"href":"https:\/\/encuentroinformativo.com.mx\/index.php?rest_route=%2Fwp%2Fv2%2Ftags&post=72084"}],"curies":[{"name":"wp","href":"https:\/\/api.w.org\/{rel}","templated":true}]}}