{"id":72103,"date":"2025-10-19T13:08:40","date_gmt":"2025-10-19T19:08:40","guid":{"rendered":"https:\/\/encuentroinformativo.com.mx\/?p=72103"},"modified":"2025-10-19T13:08:40","modified_gmt":"2025-10-19T19:08:40","slug":"ganaderos-del-sur-de-veracruz-participan-en-la-expo-ganadera-ylang-ylang-2025","status":"publish","type":"post","link":"https:\/\/encuentroinformativo.com.mx\/?p=72103","title":{"rendered":"Ganaderos del sur de Veracruz participan en la Expo Ganadera Ylang Ylang 2025"},"content":{"rendered":"<p><strong>Lilia Santos<\/strong><\/p>\n<p>Boca del R\u00edo, Ver.- La Ganader\u00eda Zu\u00f1iturb de Jes\u00fas Carranza y Ramiro Amezcua, presidente de la Asociaci\u00f3n Ganadera y presidente electo de Playa Vicente, representando al sur de Veracruz, estuvieron presentes en la Expo Feria Ganadera Ylang Ylang, un evento anual que se realiza en Boca del R\u00edo, Veracruz, y que celebra la cultura ganadera, promoviendo actividades para toda la familia.<\/p>\n<p>Durante la feria se exhibi\u00f3 ganado de alta calidad, fomentando el intercambio de conocimientos entre productores y sirviendo como plataforma comercial para ganaderos, distribuidores y consumidores. Asimismo, se organizaron eventos culturales y de entretenimiento, incluyendo conciertos de artistas como Fidel Rueda, Marco Flores y Banda Jerez, Nelson Kanzela y Bellakath, competencias de charrer\u00eda, escaramuzas y torneos de lazo r\u00e1pido, adem\u00e1s de zonas de artesan\u00edas y juegos mec\u00e1nicos para los visitantes.<\/p>\n<p>El evento destac\u00f3 la importancia de preservar las tradiciones del campo, fortalecer la econom\u00eda local y visibilizar la relevancia del sector ganadero en Veracruz. Entre los asistentes tambi\u00e9n se cont\u00f3 con la presencia del Ing. Jos\u00e9 Luis Pe\u00f1a Pe\u00f1a, esposo de la Gobernadora del Estado.<\/p>\n<p><img loading=\"lazy\" decoding=\"async\" class=\"aligncenter size-medium wp-image-72105\" src=\"https:\/\/encuentroinformativo.com.mx\/wp-content\/uploads\/2025\/10\/IMG-20251019-WA0099-300x139.jpg\" alt=\"\" width=\"300\" height=\"139\" srcset=\"https:\/\/encuentroinformativo.com.mx\/wp-content\/uploads\/2025\/10\/IMG-20251019-WA0099-300x139.jpg 300w, https:\/\/encuentroinformativo.com.mx\/wp-content\/uploads\/2025\/10\/IMG-20251019-WA0099-1024x473.jpg 1024w, https:\/\/encuentroinformativo.com.mx\/wp-content\/uploads\/2025\/10\/IMG-20251019-WA0099-768x355.jpg 768w, https:\/\/encuentroinformativo.com.mx\/wp-content\/uploads\/2025\/10\/IMG-20251019-WA0099-1536x709.jpg 1536w, https:\/\/encuentroinformativo.com.mx\/wp-content\/uploads\/2025\/10\/IMG-20251019-WA0099.jpg 1600w\" sizes=\"auto, (max-width: 300px) 100vw, 300px\" \/><\/p>\n","protected":false},"excerpt":{"rendered":"<p>Lilia Santos Boca del R\u00edo, Ver.- La Ganader\u00eda Zu\u00f1iturb de Jes\u00fas Carranza y Ramiro Amezcua, presidente de la Asociaci\u00f3n Ganadera y presidente electo de Playa Vicente, representando al sur de Veracruz, estuvieron presentes en la Expo Feria Ganadera Ylang Ylang, un evento anual que se realiza en Boca del R\u00edo, Veracruz, y que celebra la [&hellip;]<\/p>\n","protected":false},"author":2476,"featured_media":72104,"comment_status":"open","ping_status":"open","sticky":false,"template":"","format":"standard","meta":{"_jetpack_memberships_contains_paid_content":false,"footnotes":""},"categories":[2],"tags":[],"class_list":["post-72103","post","type-post","status-publish","format-standard","has-post-thumbnail","hentry","category-estado"],"jetpack_featured_media_url":"https:\/\/encuentroinformativo.com.mx\/wp-content\/uploads\/2025\/10\/IMG-20251019-WA0101.jpg","jetpack_sharing_enabled":true,"jetpack_likes_enabled":true,"amp_enabled":true,"_links":{"self":[{"href":"https:\/\/encuentroinformativo.com.mx\/index.php?rest_route=\/wp\/v2\/posts\/72103","targetHints":{"allow":["GET"]}}],"collection":[{"href":"https:\/\/encuentroinformativo.com.mx\/index.php?rest_route=\/wp\/v2\/posts"}],"about":[{"href":"https:\/\/encuentroinformativo.com.mx\/index.php?rest_route=\/wp\/v2\/types\/post"}],"author":[{"embeddable":true,"href":"https:\/\/encuentroinformativo.com.mx\/index.php?rest_route=\/wp\/v2\/users\/2476"}],"replies":[{"embeddable":true,"href":"https:\/\/encuentroinformativo.com.mx\/index.php?rest_route=%2Fwp%2Fv2%2Fcomments&post=72103"}],"version-history":[{"count":1,"href":"https:\/\/encuentroinformativo.com.mx\/index.php?rest_route=\/wp\/v2\/posts\/72103\/revisions"}],"predecessor-version":[{"id":72106,"href":"https:\/\/encuentroinformativo.com.mx\/index.php?rest_route=\/wp\/v2\/posts\/72103\/revisions\/72106"}],"wp:featuredmedia":[{"embeddable":true,"href":"https:\/\/encuentroinformativo.com.mx\/index.php?rest_route=\/wp\/v2\/media\/72104"}],"wp:attachment":[{"href":"https:\/\/encuentroinformativo.com.mx\/index.php?rest_route=%2Fwp%2Fv2%2Fmedia&parent=72103"}],"wp:term":[{"taxonomy":"category","embeddable":true,"href":"https:\/\/encuentroinformativo.com.mx\/index.php?rest_route=%2Fwp%2Fv2%2Fcategories&post=72103"},{"taxonomy":"post_tag","embeddable":true,"href":"https:\/\/encuentroinformativo.com.mx\/index.php?rest_route=%2Fwp%2Fv2%2Ftags&post=72103"}],"curies":[{"name":"wp","href":"https:\/\/api.w.org\/{rel}","templated":true}]}}