{"id":72107,"date":"2025-10-19T13:19:42","date_gmt":"2025-10-19T19:19:42","guid":{"rendered":"https:\/\/encuentroinformativo.com.mx\/?p=72107"},"modified":"2025-10-19T13:19:42","modified_gmt":"2025-10-19T19:19:42","slug":"zaragoza-se-prepara-para-iluminar-la-memoria-en-el-dia-de-muertos","status":"publish","type":"post","link":"https:\/\/encuentroinformativo.com.mx\/?p=72107","title":{"rendered":"Zaragoza se prepara para iluminar la memoria en el D\u00eda de Muertos"},"content":{"rendered":"<p><strong>Lilia Santos<\/strong><\/p>\n<p>Zaragoza, Ver.- Con la llegada del 1 de noviembre, Zaragoza se alista para una de las celebraciones m\u00e1s emblem\u00e1ticas del sur de Veracruz: el D\u00eda de Muertos. Esta festividad combina respeto, alegr\u00eda y uni\u00f3n comunitaria, donde la muerte se transforma en un motivo para recordar y rendir homenaje a los seres queridos que han partido.<\/p>\n<p>Las familias ya preparan sus altares dom\u00e9sticos, que incluyen tamales, mole, pan de muerto, chocolate de cacao (popo), frutas, bebidas y objetos que evocan la vida de los difuntos. Las ofrendas se colocan con cuidado, acompa\u00f1adas de flores de cempas\u00fachil, fotograf\u00edas y veladoras, elementos que no solo decoran, sino que simbolizan la gu\u00eda espiritual para las almas que regresan en esta fecha especial.<\/p>\n<p>En el pante\u00f3n municipal, la tradici\u00f3n cobra vida durante la noche. Velas y veladoras iluminan las tumbas, creando un ambiente m\u00e1gico y lleno de recogimiento. Familias enteras se re\u00fanen para limpiar y adornar los espacios, mientras la m\u00fasica de bandas locales, mariachis y danzas tradicionales acompa\u00f1an la vigilia, transformando el cementerio en un espacio de luz, memoria y convivencia.<\/p>\n<p><strong>Rodada ciclista: una ofrenda en movimiento<\/strong><\/p>\n<p>Una tradici\u00f3n que ha crecido en popularidad es la rodada ciclista, que parte de Minatitl\u00e1n y atraviesa distintos panteones de la regi\u00f3n hasta llegar al de Zaragoza. Durante el recorrido, los ciclistas rinden homenaje a los difuntos en cada parada, convirtiendo la actividad en una ofrenda m\u00f3vil que une tradici\u00f3n, deporte y comunidad. Este evento atrae a personas de todas las edades y fortalece los lazos entre municipios, mostrando c\u00f3mo la celebraci\u00f3n del D\u00eda de Muertos trasciende hogares y cementerios.<\/p>\n<p><strong>Ra\u00edces ind\u00edgenas y preservaci\u00f3n cultural<\/strong><\/p>\n<p>Zaragoza mantiene viva la cultura ind\u00edgena, con habitantes que a\u00fan conservan la lengua n\u00e1huatl y transmiten pr\u00e1cticas ancestrales a nuevas generaciones. Esto se refleja en los altares, los rituales de limpieza de tumbas, los cantos y los relatos que acompa\u00f1an la vigilia. La celebraci\u00f3n es, as\u00ed, un puente entre pasado y presente, donde los recuerdos y las tradiciones se transmiten con respeto y orgullo.<\/p>\n<p><strong>Convivencia y comunidad<\/strong><\/p>\n<p>Adem\u00e1s de la m\u00fasica y la iluminaci\u00f3n del pante\u00f3n, la festividad promueve la convivencia familiar y comunitaria. Es com\u00fan que vecinos compartan alimentos, historias y recuerdos, fortaleciendo los lazos entre generaciones y reafirmando la identidad de Zaragoza como un basti\u00f3n de la tradici\u00f3n en el sur de Veracruz.<\/p>\n<p>En suma, el D\u00eda de Muertos en Zaragoza es mucho m\u00e1s que una celebraci\u00f3n: es un encuentro con la memoria, la cultura y la comunidad, donde las velas iluminan el camino de las almas, los altares honran la vida y la rodada ciclista recorre kil\u00f3metros en homenaje a quienes ya no est\u00e1n, manteniendo viva la esencia de esta festividad ancestral.<\/p>\n<p><img loading=\"lazy\" decoding=\"async\" class=\"aligncenter size-medium wp-image-72109\" src=\"https:\/\/encuentroinformativo.com.mx\/wp-content\/uploads\/2025\/10\/IMG-20251019-WA01082-300x185.jpg\" alt=\"\" width=\"300\" height=\"185\" srcset=\"https:\/\/encuentroinformativo.com.mx\/wp-content\/uploads\/2025\/10\/IMG-20251019-WA01082-300x185.jpg 300w, https:\/\/encuentroinformativo.com.mx\/wp-content\/uploads\/2025\/10\/IMG-20251019-WA01082.jpg 670w\" sizes=\"auto, (max-width: 300px) 100vw, 300px\" \/><\/p>\n","protected":false},"excerpt":{"rendered":"<p>Lilia Santos Zaragoza, Ver.- Con la llegada del 1 de noviembre, Zaragoza se alista para una de las celebraciones m\u00e1s emblem\u00e1ticas del sur de Veracruz: el D\u00eda de Muertos. Esta festividad combina respeto, alegr\u00eda y uni\u00f3n comunitaria, donde la muerte se transforma en un motivo para recordar y rendir homenaje a los seres queridos que [&hellip;]<\/p>\n","protected":false},"author":2476,"featured_media":72108,"comment_status":"open","ping_status":"open","sticky":false,"template":"","format":"standard","meta":{"_jetpack_memberships_contains_paid_content":false,"footnotes":""},"categories":[2],"tags":[],"class_list":["post-72107","post","type-post","status-publish","format-standard","has-post-thumbnail","hentry","category-estado"],"jetpack_featured_media_url":"https:\/\/encuentroinformativo.com.mx\/wp-content\/uploads\/2025\/10\/IMG-20251019-WA01072.jpg","jetpack_sharing_enabled":true,"jetpack_likes_enabled":true,"amp_enabled":true,"_links":{"self":[{"href":"https:\/\/encuentroinformativo.com.mx\/index.php?rest_route=\/wp\/v2\/posts\/72107","targetHints":{"allow":["GET"]}}],"collection":[{"href":"https:\/\/encuentroinformativo.com.mx\/index.php?rest_route=\/wp\/v2\/posts"}],"about":[{"href":"https:\/\/encuentroinformativo.com.mx\/index.php?rest_route=\/wp\/v2\/types\/post"}],"author":[{"embeddable":true,"href":"https:\/\/encuentroinformativo.com.mx\/index.php?rest_route=\/wp\/v2\/users\/2476"}],"replies":[{"embeddable":true,"href":"https:\/\/encuentroinformativo.com.mx\/index.php?rest_route=%2Fwp%2Fv2%2Fcomments&post=72107"}],"version-history":[{"count":1,"href":"https:\/\/encuentroinformativo.com.mx\/index.php?rest_route=\/wp\/v2\/posts\/72107\/revisions"}],"predecessor-version":[{"id":72110,"href":"https:\/\/encuentroinformativo.com.mx\/index.php?rest_route=\/wp\/v2\/posts\/72107\/revisions\/72110"}],"wp:featuredmedia":[{"embeddable":true,"href":"https:\/\/encuentroinformativo.com.mx\/index.php?rest_route=\/wp\/v2\/media\/72108"}],"wp:attachment":[{"href":"https:\/\/encuentroinformativo.com.mx\/index.php?rest_route=%2Fwp%2Fv2%2Fmedia&parent=72107"}],"wp:term":[{"taxonomy":"category","embeddable":true,"href":"https:\/\/encuentroinformativo.com.mx\/index.php?rest_route=%2Fwp%2Fv2%2Fcategories&post=72107"},{"taxonomy":"post_tag","embeddable":true,"href":"https:\/\/encuentroinformativo.com.mx\/index.php?rest_route=%2Fwp%2Fv2%2Ftags&post=72107"}],"curies":[{"name":"wp","href":"https:\/\/api.w.org\/{rel}","templated":true}]}}