{"id":72111,"date":"2025-10-19T13:39:14","date_gmt":"2025-10-19T19:39:14","guid":{"rendered":"https:\/\/encuentroinformativo.com.mx\/?p=72111"},"modified":"2025-10-19T13:39:14","modified_gmt":"2025-10-19T19:39:14","slug":"itver-envia-mas-de-5-toneladas-de-ayuda-a-tuxpan","status":"publish","type":"post","link":"https:\/\/encuentroinformativo.com.mx\/?p=72111","title":{"rendered":"ITVER env\u00eda m\u00e1s de 5 toneladas de ayuda a Tuxpan"},"content":{"rendered":"<p><strong>Alejandro \u00c1vila<\/strong><\/p>\n<p>Veracruz, Ver.- La comunidad del Instituto Tecnol\u00f3gico de Veracruz logr\u00f3 recolectar m\u00e1s de cinco toneladas de v\u00edveres el apoyo a los afectados de la zona norte de la entidad, por el paso de la tormenta tropical Raymond, todo ser\u00e1 entregados en el Instituto Tecnol\u00f3gico de \u00c1lamo campus Tuxpan.<\/p>\n<p>Con ello el Instituto Tecnol\u00f3gico de Veracruz que recientemente cumpli\u00f3 68 a\u00f1os, demuestra la unidad y solidaridad de su comunidad, gracias al trabajo en conjunto de la administraci\u00f3n, bajo la batuta de Marco Antonio Cervantes Salgado; el Sindicato que encabeza Brenda Castro, Secretaria General de la Delegaci\u00f3n DV113 ITVER y; la sociedad de alumnos (CESA), presidida por el Mauricio Arano Mart\u00ednez; todo ello sin dejar de lado el trabajo a nivel nacional de Ram\u00f3n Jim\u00e9nez L\u00f3pez, Director General del Tecnol\u00f3gico Nacional de M\u00e9xico, y Marco Polo Mendoza Otero, Coordinador Institucional.<\/p>\n<p>En el tema acad\u00e9mico, se destaca la ampliaci\u00f3n de la oferta de carreras para la modalidad en l\u00ednea a partir de agosto del 2025, donde se incluyeron Ingenier\u00eda Industrial e Ingenier\u00eda en Gesti\u00f3n Empresarial.<\/p>\n<p>De la misma manera, se dio a conocer que en este ciclo escolar se ha optimizaci\u00f3n de sistemas de aire acondicionado y alumbrado, adem\u00e1s del anuncio de la pr\u00f3xima construcci\u00f3n del nuevo edificio para el Departamento de Ciencias Econ\u00f3mico Administrativas.<\/p>\n<p><img loading=\"lazy\" decoding=\"async\" class=\"aligncenter size-medium wp-image-72113\" src=\"https:\/\/encuentroinformativo.com.mx\/wp-content\/uploads\/2025\/10\/IMG-20251019-WA0128-300x225.jpg\" alt=\"\" width=\"300\" height=\"225\" srcset=\"https:\/\/encuentroinformativo.com.mx\/wp-content\/uploads\/2025\/10\/IMG-20251019-WA0128-300x225.jpg 300w, https:\/\/encuentroinformativo.com.mx\/wp-content\/uploads\/2025\/10\/IMG-20251019-WA0128-1024x768.jpg 1024w, https:\/\/encuentroinformativo.com.mx\/wp-content\/uploads\/2025\/10\/IMG-20251019-WA0128-768x576.jpg 768w, https:\/\/encuentroinformativo.com.mx\/wp-content\/uploads\/2025\/10\/IMG-20251019-WA0128.jpg 1280w\" sizes=\"auto, (max-width: 300px) 100vw, 300px\" \/><\/p>\n","protected":false},"excerpt":{"rendered":"<p>Alejandro \u00c1vila Veracruz, Ver.- La comunidad del Instituto Tecnol\u00f3gico de Veracruz logr\u00f3 recolectar m\u00e1s de cinco toneladas de v\u00edveres el apoyo a los afectados de la zona norte de la entidad, por el paso de la tormenta tropical Raymond, todo ser\u00e1 entregados en el Instituto Tecnol\u00f3gico de \u00c1lamo campus Tuxpan. Con ello el Instituto Tecnol\u00f3gico [&hellip;]<\/p>\n","protected":false},"author":2476,"featured_media":72112,"comment_status":"open","ping_status":"open","sticky":false,"template":"","format":"standard","meta":{"_jetpack_memberships_contains_paid_content":false,"footnotes":""},"categories":[2],"tags":[],"class_list":["post-72111","post","type-post","status-publish","format-standard","has-post-thumbnail","hentry","category-estado"],"jetpack_featured_media_url":"https:\/\/encuentroinformativo.com.mx\/wp-content\/uploads\/2025\/10\/IMG-20251019-WA0129.jpg","jetpack_sharing_enabled":true,"jetpack_likes_enabled":true,"amp_enabled":true,"_links":{"self":[{"href":"https:\/\/encuentroinformativo.com.mx\/index.php?rest_route=\/wp\/v2\/posts\/72111","targetHints":{"allow":["GET"]}}],"collection":[{"href":"https:\/\/encuentroinformativo.com.mx\/index.php?rest_route=\/wp\/v2\/posts"}],"about":[{"href":"https:\/\/encuentroinformativo.com.mx\/index.php?rest_route=\/wp\/v2\/types\/post"}],"author":[{"embeddable":true,"href":"https:\/\/encuentroinformativo.com.mx\/index.php?rest_route=\/wp\/v2\/users\/2476"}],"replies":[{"embeddable":true,"href":"https:\/\/encuentroinformativo.com.mx\/index.php?rest_route=%2Fwp%2Fv2%2Fcomments&post=72111"}],"version-history":[{"count":1,"href":"https:\/\/encuentroinformativo.com.mx\/index.php?rest_route=\/wp\/v2\/posts\/72111\/revisions"}],"predecessor-version":[{"id":72114,"href":"https:\/\/encuentroinformativo.com.mx\/index.php?rest_route=\/wp\/v2\/posts\/72111\/revisions\/72114"}],"wp:featuredmedia":[{"embeddable":true,"href":"https:\/\/encuentroinformativo.com.mx\/index.php?rest_route=\/wp\/v2\/media\/72112"}],"wp:attachment":[{"href":"https:\/\/encuentroinformativo.com.mx\/index.php?rest_route=%2Fwp%2Fv2%2Fmedia&parent=72111"}],"wp:term":[{"taxonomy":"category","embeddable":true,"href":"https:\/\/encuentroinformativo.com.mx\/index.php?rest_route=%2Fwp%2Fv2%2Fcategories&post=72111"},{"taxonomy":"post_tag","embeddable":true,"href":"https:\/\/encuentroinformativo.com.mx\/index.php?rest_route=%2Fwp%2Fv2%2Ftags&post=72111"}],"curies":[{"name":"wp","href":"https:\/\/api.w.org\/{rel}","templated":true}]}}