{"id":72121,"date":"2025-10-20T10:57:48","date_gmt":"2025-10-20T16:57:48","guid":{"rendered":"https:\/\/encuentroinformativo.com.mx\/?p=72121"},"modified":"2025-10-20T10:57:48","modified_gmt":"2025-10-20T16:57:48","slug":"organiza-crece-concierto-con-causa-a-favor-de-ninos-con-autismo","status":"publish","type":"post","link":"https:\/\/encuentroinformativo.com.mx\/?p=72121","title":{"rendered":"Organiza Crece concierto con causa a favor de ni\u00f1os con autismo"},"content":{"rendered":"<p><strong>Dar\u00edo Pale<\/strong><\/p>\n<p>Xalapa, Ver.- Con el objetivo de apoyar a ni\u00f1as y ni\u00f1os con autismo que forman parte de la asociaci\u00f3n Crece, la promotora social M\u00f3nica Grajales, creadora de la p\u00e1gina Momentos Inolvidables, anunci\u00f3 la realizaci\u00f3n de un concierto con causa el pr\u00f3ximo 6 de diciembre, a las 5:00 de la tarde, en el Auditorio Estatal del PRI, ubicado sobre la avenida Ruiz Cortines.<\/p>\n<p>El evento reunir\u00e1 a cinco bandas de rock locales que se han sumado de manera altruista para contribuir con esta noble causa. Todo lo recaudado con la venta de boletos -que tienen un costo de cien pesos- ser\u00e1 destinado a mejorar las condiciones de atenci\u00f3n y desarrollo de los m\u00e1s de 300 ni\u00f1os que atiende la asociaci\u00f3n Crece.<\/p>\n<p>\u201cEstos muchachos de las bandas nos est\u00e1n ayudando con mucho coraz\u00f3n, porque a los ni\u00f1os autistas les hace falta una nueva sonrisa. Todo lo que se recaude ser\u00e1 donado para ellos\u201d, coment\u00f3 M\u00f3nica Grajales.<\/p>\n<p>La organizadora explic\u00f3 que la asociaci\u00f3n Crece enfrenta diversas carencias, entre ellas la falta de maestros de educaci\u00f3n f\u00edsica, terapeutas, docentes especializados y materiales did\u00e1cticos. Por ello, adem\u00e1s del apoyo econ\u00f3mico, invit\u00f3 a la poblaci\u00f3n a donar mobiliario o art\u00edculos en buen estado que puedan rehabilitarse para uso de los peque\u00f1os.<\/p>\n<p>\u201cSi tienen alguna silla, mesa o material que ya no usen, pueden donarlo. Nosotros lo arreglamos y se los hacemos llegar a los ni\u00f1os. La asociaci\u00f3n requiere de mucho y cualquier ayuda es valiosa\u201d, expres\u00f3.<\/p>\n<p>Grajales subray\u00f3 que <strong>el concierto ser\u00e1 una oportunidad para disfrutar buena m\u00fasica y, al mismo tiempo, aportar a una causa<\/strong> que necesita del compromiso colectivo.<\/p>\n<p>\u201cCrece nos necesita, no solo ahora, sino siempre. La noble causa de comprarnos un boleto de cien pesos ser\u00e1 fant\u00e1stica para nosotros y, sobre todo, para ellos\u201d, afirm\u00f3.<\/p>\n<p>Las personas interesadas en apoyar pueden comunicarse al 2281 95 58 65 o a trav\u00e9s de la p\u00e1gina de Facebook \u201cMomentos Inolvidables\u201d para adquirir boletos o solicitar informaci\u00f3n adicional.<\/p>\n<p>Finalmente dijo, \u201cinvito a toda la ciudadan\u00eda a que se sume. Es un evento con causa, por nuestros ni\u00f1os autistas, para que sigan creciendo y sonriendo.<\/p>\n","protected":false},"excerpt":{"rendered":"<p>Dar\u00edo Pale Xalapa, Ver.- Con el objetivo de apoyar a ni\u00f1as y ni\u00f1os con autismo que forman parte de la asociaci\u00f3n Crece, la promotora social M\u00f3nica Grajales, creadora de la p\u00e1gina Momentos Inolvidables, anunci\u00f3 la realizaci\u00f3n de un concierto con causa el pr\u00f3ximo 6 de diciembre, a las 5:00 de la tarde, en el Auditorio [&hellip;]<\/p>\n","protected":false},"author":2476,"featured_media":72122,"comment_status":"open","ping_status":"open","sticky":false,"template":"","format":"standard","meta":{"_jetpack_memberships_contains_paid_content":false,"footnotes":""},"categories":[3],"tags":[],"class_list":["post-72121","post","type-post","status-publish","format-standard","has-post-thumbnail","hentry","category-xalapa"],"jetpack_featured_media_url":"https:\/\/encuentroinformativo.com.mx\/wp-content\/uploads\/2025\/10\/IMG-20251020-WA0107.jpg","jetpack_sharing_enabled":true,"jetpack_likes_enabled":true,"amp_enabled":true,"_links":{"self":[{"href":"https:\/\/encuentroinformativo.com.mx\/index.php?rest_route=\/wp\/v2\/posts\/72121","targetHints":{"allow":["GET"]}}],"collection":[{"href":"https:\/\/encuentroinformativo.com.mx\/index.php?rest_route=\/wp\/v2\/posts"}],"about":[{"href":"https:\/\/encuentroinformativo.com.mx\/index.php?rest_route=\/wp\/v2\/types\/post"}],"author":[{"embeddable":true,"href":"https:\/\/encuentroinformativo.com.mx\/index.php?rest_route=\/wp\/v2\/users\/2476"}],"replies":[{"embeddable":true,"href":"https:\/\/encuentroinformativo.com.mx\/index.php?rest_route=%2Fwp%2Fv2%2Fcomments&post=72121"}],"version-history":[{"count":1,"href":"https:\/\/encuentroinformativo.com.mx\/index.php?rest_route=\/wp\/v2\/posts\/72121\/revisions"}],"predecessor-version":[{"id":72123,"href":"https:\/\/encuentroinformativo.com.mx\/index.php?rest_route=\/wp\/v2\/posts\/72121\/revisions\/72123"}],"wp:featuredmedia":[{"embeddable":true,"href":"https:\/\/encuentroinformativo.com.mx\/index.php?rest_route=\/wp\/v2\/media\/72122"}],"wp:attachment":[{"href":"https:\/\/encuentroinformativo.com.mx\/index.php?rest_route=%2Fwp%2Fv2%2Fmedia&parent=72121"}],"wp:term":[{"taxonomy":"category","embeddable":true,"href":"https:\/\/encuentroinformativo.com.mx\/index.php?rest_route=%2Fwp%2Fv2%2Fcategories&post=72121"},{"taxonomy":"post_tag","embeddable":true,"href":"https:\/\/encuentroinformativo.com.mx\/index.php?rest_route=%2Fwp%2Fv2%2Ftags&post=72121"}],"curies":[{"name":"wp","href":"https:\/\/api.w.org\/{rel}","templated":true}]}}