{"id":72127,"date":"2025-10-20T13:08:36","date_gmt":"2025-10-20T19:08:36","guid":{"rendered":"https:\/\/encuentroinformativo.com.mx\/?p=72127"},"modified":"2025-10-20T13:08:36","modified_gmt":"2025-10-20T19:08:36","slug":"acusan-productores-falta-de-compromiso-de-la-sedarpa","status":"publish","type":"post","link":"https:\/\/encuentroinformativo.com.mx\/?p=72127","title":{"rendered":"Acusan productores falta de compromiso de la SEDARPA"},"content":{"rendered":"<p><strong>Dar\u00edo Pale<\/strong><\/p>\n<p>Xalapa, Ver.- El Consejo Regional del Caf\u00e9 de Coatepec denuncia que la Secretar\u00eda de Desarrollo Agropecuario no ha cumplido compromisos y est\u00e1 promoviendo la divisi\u00f3n entre los cafeticultores<\/p>\n<p>A cinco meses de haber establecido acuerdos con funcionarios de la Secretar\u00eda de Desarrollo Agropecuario, Rural y Pesca (SEDARPA), productores agrupados en el Consejo Regional del Caf\u00e9 de Coatepec denunciaron la falta de avances en los compromisos pactados y acusaron que las autoridades est\u00e1n fomentando la divisi\u00f3n en el sector cafetalero a trav\u00e9s de las llamadas \u201cescuelitas de campo\u201d.<\/p>\n<p>El integrante del Consejo, Cirilo Elotl\u00e1n D\u00edaz, record\u00f3 que en una mesa de trabajo con el subsecretario de Desarrollo Agr\u00edcola se acord\u00f3 levantar un padr\u00f3n piloto de cafeticultores y designar un t\u00e9cnico por municipio para verificar la informaci\u00f3n y evaluar el estado de las parcelas.<\/p>\n<p>\u201cAcordamos que se pondr\u00eda un t\u00e9cnico en cada municipio para hacer el recorrido y verificar que el padr\u00f3n fuera real. Entregamos una lista inicial de 500 productores con sus familias, pero en cinco meses no han mandado a nadie. Si los hay, andan en otro plan\u201d, se\u00f1al\u00f3.<\/p>\n<p>\u201cNos est\u00e1n dividiendo con las escuelitas de campo\u201d.<\/p>\n<p>Elotl\u00e1n D\u00edaz advirti\u00f3 que, lejos de fortalecer la organizaci\u00f3n productiva, las dependencias federales y estatales est\u00e1n promoviendo la creaci\u00f3n de escuelitas de campo, bajo un esquema que condiciona el acceso a programas p\u00fablicos.<\/p>\n<p>\u201cA trav\u00e9s de las escuelitas de campo lo que hacen es condicionar al productor: todo el que pertenezca a ellas tendr\u00e1 derecho a entrar a los programas; si no, queda marginado. Eso no es justo\u201d, acus\u00f3.<\/p>\n<p>El dirigente explic\u00f3 que el Consejo Regional del Caf\u00e9 de Coatepec es una organizaci\u00f3n aut\u00f3noma y autofinanciada, que no depende de recursos oficiales, y que esta pr\u00e1ctica busca marginar a quienes no se someten a los esquemas institucionales.<\/p>\n<p>\u201cNos dicen que si queremos participar en las ventanillas, tenemos que estar en las escuelitas. Ninguno de nuestros compa\u00f1eros est\u00e1 ah\u00ed, quiz\u00e1 un 10 % participa de forma aislada. Nos est\u00e1n dividiendo, como ya pas\u00f3 en otros pa\u00edses\u201d, advirti\u00f3.<\/p>\n<p>Los productores lamentaron que tampoco se haya avanzado en el plan de acompa\u00f1amiento t\u00e9cnico ni en el esquema de comercializaci\u00f3n que SEDARPA prometi\u00f3 impulsar a trav\u00e9s del \u00e1rea de Agronegocios.<\/p>\n<p>\u201cSe supon\u00eda que el t\u00e9cnico deb\u00eda verificar la existencia de las parcelas, el estado del cafetal y las oportunidades de mejora, y luego proyectar una ruta de comercializaci\u00f3n. Todo eso qued\u00f3 en el aire\u201d, denunci\u00f3 Elotl\u00e1n.<\/p>\n<p>El dirigente destac\u00f3 que el compromiso inclu\u00eda mantener la calidad del caf\u00e9 veracruzano, garantizando procesos de producci\u00f3n responsables y sostenibles, pero \u201chasta ahora no hay resultados ni seguimiento\u201d.<\/p>\n<p>\u201cHan destruido a las organizaciones sociales\u201d<\/p>\n<p>Elotl\u00e1n D\u00edaz tambi\u00e9n denunci\u00f3 que desde 2018 se ha dado un \u201cataque sistem\u00e1tico\u201d contra las organizaciones sociales, afectando gravemente al sector cafetalero.<\/p>\n<p>\u201cHan destruido la mayor parte de las organizaciones, especialmente las que antes recib\u00edan incentivos p\u00fablicos. En nuestro caso, nos mantenemos con el apoyo de los productores, pero la pol\u00edtica actual busca debilitarnos\u201d, expres\u00f3.<\/p>\n<p>El Consejo record\u00f3 que la producci\u00f3n cafetalera en la regi\u00f3n ha disminuido dr\u00e1sticamente:<\/p>\n<p>\u201cHasta 2005 \u00e9ramos unos 15 mil productores; hoy apenas quedan 9 mil. Muchos han abandonado la siembra porque ya no les resulta rentable\u201d, explic\u00f3.<\/p>\n<p>Elotl\u00e1n responsabiliz\u00f3 tanto al gobierno federal como al estatal por la falta de pol\u00edticas integrales y de cumplimiento de acuerdos.<\/p>\n<p>\u201cNos est\u00e1n confrontando entre compa\u00f1eros. En el campo la gente tiene necesidad, y cuando les dicen que solo tendr\u00e1n acceso a programas si entran a las escuelitas, muchos aceptan. Pero eso no construye unidad, la destruye\u201d, acus\u00f3.<\/p>\n<p>Finalmente los integrantes del Consejo Regional del Caf\u00e9 de Coatepec hicieron un llamado a las autoridades a cumplir los compromisos firmados, enviar a los t\u00e9cnicos prometidos y detener la divisi\u00f3n entre productores, a fin de fortalecer un sector estrat\u00e9gico para la econom\u00eda de las sierras centrales de Veracruz.<\/p>\n","protected":false},"excerpt":{"rendered":"<p>Dar\u00edo Pale Xalapa, Ver.- El Consejo Regional del Caf\u00e9 de Coatepec denuncia que la Secretar\u00eda de Desarrollo Agropecuario no ha cumplido compromisos y est\u00e1 promoviendo la divisi\u00f3n entre los cafeticultores A cinco meses de haber establecido acuerdos con funcionarios de la Secretar\u00eda de Desarrollo Agropecuario, Rural y Pesca (SEDARPA), productores agrupados en el Consejo Regional [&hellip;]<\/p>\n","protected":false},"author":2476,"featured_media":72128,"comment_status":"open","ping_status":"open","sticky":false,"template":"","format":"standard","meta":{"_jetpack_memberships_contains_paid_content":false,"footnotes":""},"categories":[2],"tags":[],"class_list":["post-72127","post","type-post","status-publish","format-standard","has-post-thumbnail","hentry","category-estado"],"jetpack_featured_media_url":"https:\/\/encuentroinformativo.com.mx\/wp-content\/uploads\/2025\/10\/IMG-20251020-WA0249.jpg","jetpack_sharing_enabled":true,"jetpack_likes_enabled":true,"amp_enabled":true,"_links":{"self":[{"href":"https:\/\/encuentroinformativo.com.mx\/index.php?rest_route=\/wp\/v2\/posts\/72127","targetHints":{"allow":["GET"]}}],"collection":[{"href":"https:\/\/encuentroinformativo.com.mx\/index.php?rest_route=\/wp\/v2\/posts"}],"about":[{"href":"https:\/\/encuentroinformativo.com.mx\/index.php?rest_route=\/wp\/v2\/types\/post"}],"author":[{"embeddable":true,"href":"https:\/\/encuentroinformativo.com.mx\/index.php?rest_route=\/wp\/v2\/users\/2476"}],"replies":[{"embeddable":true,"href":"https:\/\/encuentroinformativo.com.mx\/index.php?rest_route=%2Fwp%2Fv2%2Fcomments&post=72127"}],"version-history":[{"count":1,"href":"https:\/\/encuentroinformativo.com.mx\/index.php?rest_route=\/wp\/v2\/posts\/72127\/revisions"}],"predecessor-version":[{"id":72129,"href":"https:\/\/encuentroinformativo.com.mx\/index.php?rest_route=\/wp\/v2\/posts\/72127\/revisions\/72129"}],"wp:featuredmedia":[{"embeddable":true,"href":"https:\/\/encuentroinformativo.com.mx\/index.php?rest_route=\/wp\/v2\/media\/72128"}],"wp:attachment":[{"href":"https:\/\/encuentroinformativo.com.mx\/index.php?rest_route=%2Fwp%2Fv2%2Fmedia&parent=72127"}],"wp:term":[{"taxonomy":"category","embeddable":true,"href":"https:\/\/encuentroinformativo.com.mx\/index.php?rest_route=%2Fwp%2Fv2%2Fcategories&post=72127"},{"taxonomy":"post_tag","embeddable":true,"href":"https:\/\/encuentroinformativo.com.mx\/index.php?rest_route=%2Fwp%2Fv2%2Ftags&post=72127"}],"curies":[{"name":"wp","href":"https:\/\/api.w.org\/{rel}","templated":true}]}}