{"id":72130,"date":"2025-10-20T15:22:41","date_gmt":"2025-10-20T21:22:41","guid":{"rendered":"https:\/\/encuentroinformativo.com.mx\/?p=72130"},"modified":"2025-10-20T15:22:41","modified_gmt":"2025-10-20T21:22:41","slug":"catemaco-se-prepara-para-la-tercera-edicion-del-pan-de-muerto-mas-grande-de-los-tuxtlas","status":"publish","type":"post","link":"https:\/\/encuentroinformativo.com.mx\/?p=72130","title":{"rendered":"Catemaco se prepara para la tercera edici\u00f3n del \u201cPan de Muerto m\u00e1s grande de Los Tuxtlas&#8221;"},"content":{"rendered":"<p><strong>* Una iniciativa del sector privado, de panaderos de la regi\u00f3n que buscan generar derrama econ\u00f3mica y el rescate de esta gran tradici\u00f3n.<\/strong><\/p>\n<p><strong>Armando Azamar Fonseca\u00a0<\/strong><\/p>\n<p>Catemaco, Ver.- Por tercera edici\u00f3n, Catemaco ser\u00e1 sede del \u201cPan de Muerto m\u00e1s grande de Los Tuxtlas\u201d con un r\u00e9cord de ocho metros y medio de altura, una actividad impulsada por el sector privado, especialmente panader\u00edas de la regi\u00f3n en coordinaci\u00f3n con la Asociaci\u00f3n Civil \u201cSomos la Semilla del Cambio\u201d, este evento adem\u00e1s de fomentar el rescate de las tradiciones tambi\u00e9n busca promover tur\u00edsticamente a la regi\u00f3n.<\/p>\n<p>En rueda de prensa, el presidente de la A.C. \u201cSomos la Semilla del Cambio\u201d, Juan Carlos Atzin Calder\u00f3n, confirm\u00f3 que el magno evento se llevar\u00e1 a cabo el pr\u00f3ximo dos de noviembre, en punto de la una de la tarde, en el accesible atrio del santuario de \u201cNuestra se\u00f1ora de la virgen del Carmen\u201d en el coraz\u00f3n del municipio.<\/p>\n<p>\u201cEste evento suma las voluntades de la sociedad empresarial y organizada, y de una pieza muy clave que son los panaderos, empresas locales de Catemaco y personas que se est\u00e1n sumando a esta tercera edici\u00f3n 2025 del pan de muerto m\u00e1s grande de Los Tuxtlas.<\/p>\n<p>Este pan tiene algo muy peculiar porque no solamente es un conjunto de pan de muerto acomodados de alguna manera, sino que tiene la forma de un pan de muerto, en todo el sentido de la palabra\u201d, destac\u00f3.<\/p>\n<p>La elaboraci\u00f3n de esta pieza monumental requerir\u00e1 m\u00e1s de 200 kilos de harina, adem\u00e1s de huevo, az\u00facar y levadura. Atzin Calder\u00f3n enfatiz\u00f3 que el proyecto es un esfuerzo totalmente autofinanciado: &#8220;esto ha sido financiado por el mismo equipo de trabajo, no est\u00e1 financiado bajo ning\u00fan gobierno.&#8221;<\/p>\n<p>Adem\u00e1s del espect\u00e1culo, el evento tiene un fuerte componente social; el pan, una vez exhibido, ser\u00e1 compartido con los asistentes y distribuido en hospitales de Catemaco y San Andr\u00e9s Tuxtla acompa\u00f1ado con su respectivo chocolate y caf\u00e9.<\/p>\n<p>Puntualiz\u00f3 que, en estos d\u00edas, estar\u00e1n realizando visitas a municipios de la zona sur para extender la invitaci\u00f3n y maximizar la afluencia tur\u00edstica, esperando que el evento genere una importante derrama econ\u00f3mica para la regi\u00f3n.<\/p>\n<p>As\u00ed mismo, agradeci\u00f3 la solidaridad del padre Santos Abonza por su apoyo a las iniciativas de la sociedad civil y el sector empresarial y por el acto de bendici\u00f3n del pan.<\/p>\n<p>Por su parte, panaderos que se han integrado a este evento, aseguraron que el proyecto abraza sue\u00f1os y esperanza de que no se pierda la tradici\u00f3n de disfrutar en familia y colocar en sus altares de muertos, el tradicional pan de muerto, que, adem\u00e1s, representa una derrama econ\u00f3mica para la industria panificadora.<\/p>\n","protected":false},"excerpt":{"rendered":"<p>* Una iniciativa del sector privado, de panaderos de la regi\u00f3n que buscan generar derrama econ\u00f3mica y el rescate de esta gran tradici\u00f3n. Armando Azamar Fonseca\u00a0 Catemaco, Ver.- Por tercera edici\u00f3n, Catemaco ser\u00e1 sede del \u201cPan de Muerto m\u00e1s grande de Los Tuxtlas\u201d con un r\u00e9cord de ocho metros y medio de altura, una actividad [&hellip;]<\/p>\n","protected":false},"author":2476,"featured_media":72133,"comment_status":"open","ping_status":"open","sticky":false,"template":"","format":"standard","meta":{"_jetpack_memberships_contains_paid_content":false,"footnotes":""},"categories":[2],"tags":[],"class_list":["post-72130","post","type-post","status-publish","format-standard","has-post-thumbnail","hentry","category-estado"],"jetpack_featured_media_url":"https:\/\/encuentroinformativo.com.mx\/wp-content\/uploads\/2025\/10\/IMG-20251020-WA02362.jpg","jetpack_sharing_enabled":true,"jetpack_likes_enabled":true,"amp_enabled":true,"_links":{"self":[{"href":"https:\/\/encuentroinformativo.com.mx\/index.php?rest_route=\/wp\/v2\/posts\/72130","targetHints":{"allow":["GET"]}}],"collection":[{"href":"https:\/\/encuentroinformativo.com.mx\/index.php?rest_route=\/wp\/v2\/posts"}],"about":[{"href":"https:\/\/encuentroinformativo.com.mx\/index.php?rest_route=\/wp\/v2\/types\/post"}],"author":[{"embeddable":true,"href":"https:\/\/encuentroinformativo.com.mx\/index.php?rest_route=\/wp\/v2\/users\/2476"}],"replies":[{"embeddable":true,"href":"https:\/\/encuentroinformativo.com.mx\/index.php?rest_route=%2Fwp%2Fv2%2Fcomments&post=72130"}],"version-history":[{"count":2,"href":"https:\/\/encuentroinformativo.com.mx\/index.php?rest_route=\/wp\/v2\/posts\/72130\/revisions"}],"predecessor-version":[{"id":72134,"href":"https:\/\/encuentroinformativo.com.mx\/index.php?rest_route=\/wp\/v2\/posts\/72130\/revisions\/72134"}],"wp:featuredmedia":[{"embeddable":true,"href":"https:\/\/encuentroinformativo.com.mx\/index.php?rest_route=\/wp\/v2\/media\/72133"}],"wp:attachment":[{"href":"https:\/\/encuentroinformativo.com.mx\/index.php?rest_route=%2Fwp%2Fv2%2Fmedia&parent=72130"}],"wp:term":[{"taxonomy":"category","embeddable":true,"href":"https:\/\/encuentroinformativo.com.mx\/index.php?rest_route=%2Fwp%2Fv2%2Fcategories&post=72130"},{"taxonomy":"post_tag","embeddable":true,"href":"https:\/\/encuentroinformativo.com.mx\/index.php?rest_route=%2Fwp%2Fv2%2Ftags&post=72130"}],"curies":[{"name":"wp","href":"https:\/\/api.w.org\/{rel}","templated":true}]}}