{"id":72149,"date":"2025-10-20T20:15:03","date_gmt":"2025-10-21T02:15:03","guid":{"rendered":"https:\/\/encuentroinformativo.com.mx\/?p=72149"},"modified":"2025-10-20T20:15:03","modified_gmt":"2025-10-21T02:15:03","slug":"cierre-de-la-cascada-de-salto-de-eyipantla-golpea-la-derrama-economica-en-los-tuxtlas","status":"publish","type":"post","link":"https:\/\/encuentroinformativo.com.mx\/?p=72149","title":{"rendered":"Cierre de la cascada de Salto de Eyipantla, golpea la derrama econ\u00f3mica en Los Tuxtlas"},"content":{"rendered":"<p><strong>* A m\u00e1s de a\u00f1o y medio de mantenerse vigente el conflicto entre ejidatarios y comerciantes, que deriv\u00f3 en el derribo de las escaleras para acceder a la parte baja de la cascada.<\/strong><\/p>\n<p><strong>Armando Azamar Fonseca\u00a0<\/strong><\/p>\n<p>San Andr\u00e9s Tuxtla, Ver.- A m\u00e1s de a\u00f1o y medio de mantenerse vigente el conflicto entre ejidatarios y comerciantes que deriv\u00f3 en el derribo de las escaleras para acceder a la parte baja de la cascada del Salto de Eyipantla en San Andr\u00e9s Tuxtla, la derrama econ\u00f3mica se ha visto afectada seriamente, pues la mayor\u00eda de las tours operadoras de turismo a nivel nacional, han excluido a Los Tuxtlas del cat\u00e1logo para visitar, y el turismo que arriba opta por llegar directamente a la zona de costa.<\/p>\n<p>Carlos Rodr\u00edguez Mouri\u00f1o, director de la Reserva Ecol\u00f3gica Nanciyaga en Catemaco, apunt\u00f3 que esta situaci\u00f3n se ha vuelto un impacto negativo en el flujo de visitantes y en la ocupaci\u00f3n hotelera en la zona.<\/p>\n<p>Manifest\u00f3 que desde el mes de marzo de 2024 que se origin\u00f3 el derribo de las escalinatas de la emblem\u00e1tica cascada, que adem\u00e1s, es un atractivo tur\u00edstico reconocido a nivel nacional e internacional, desde entonces, los operadores tur\u00edsticos han modificado sus rutas para evitar el Salto de Eyipantla, afectando a otros atractivos cercanos en las cabeceras municipales de San Andr\u00e9s Tuxtla y Catemaco.<\/p>\n<p>&#8220;La gente siempre ha considerado visitar la parte baja de la cascada del Salto de Eyipantla, aunque est\u00e9n dos miradores disponibles, no es lo mismo, la gente pierde el inter\u00e9s&#8221;, se\u00f1al\u00f3.<\/p>\n<p>Detall\u00f3 que el turismo que llega a la regi\u00f3n de Los Tuxtlas, es mayormente nacional, pero se ha reducido considerablemente.<\/p>\n<p>&#8220;Muchos tours que duran un d\u00eda ahora optan por visitar la zona de costa y solo eligen uno o dos atractivos de la parte alta, dejando de lado a muchos negocios locales y ocasionando una disminuci\u00f3n en la ocupaci\u00f3n hotelera de San Andr\u00e9s Tuxtla y Catemaco&#8221;, subray\u00f3.<\/p>\n<p>Hizo un llamado a las autoridades estatales y a la pr\u00f3xima administraci\u00f3n municipal entrante en San Andr\u00e9s Tuxtla, para que intervengan y resuelvan el conflicto, realizando las gestiones necesarias para reabrir este emblem\u00e1tico recurso natural y se considere una inversi\u00f3n para la renovaci\u00f3n de las escalinatas, que ya presentan signos de antig\u00fcedad.<\/p>\n<p>Recalc\u00f3 que la resoluci\u00f3n de este conflicto es crucial para la recuperaci\u00f3n econ\u00f3mica de prestadores de servicios en la regi\u00f3n, que en un 97% depende del turismo nacional.<\/p>\n<p><img loading=\"lazy\" decoding=\"async\" class=\"aligncenter size-medium wp-image-72151\" src=\"https:\/\/encuentroinformativo.com.mx\/wp-content\/uploads\/2025\/10\/IMG-20251020-WA0560-300x200.jpg\" alt=\"\" width=\"300\" height=\"200\" srcset=\"https:\/\/encuentroinformativo.com.mx\/wp-content\/uploads\/2025\/10\/IMG-20251020-WA0560-300x200.jpg 300w, https:\/\/encuentroinformativo.com.mx\/wp-content\/uploads\/2025\/10\/IMG-20251020-WA0560-1024x683.jpg 1024w, https:\/\/encuentroinformativo.com.mx\/wp-content\/uploads\/2025\/10\/IMG-20251020-WA0560-768x512.jpg 768w, https:\/\/encuentroinformativo.com.mx\/wp-content\/uploads\/2025\/10\/IMG-20251020-WA0560-1536x1024.jpg 1536w, https:\/\/encuentroinformativo.com.mx\/wp-content\/uploads\/2025\/10\/IMG-20251020-WA0560.jpg 1600w\" sizes=\"auto, (max-width: 300px) 100vw, 300px\" \/><\/p>\n","protected":false},"excerpt":{"rendered":"<p>* A m\u00e1s de a\u00f1o y medio de mantenerse vigente el conflicto entre ejidatarios y comerciantes, que deriv\u00f3 en el derribo de las escaleras para acceder a la parte baja de la cascada. Armando Azamar Fonseca\u00a0 San Andr\u00e9s Tuxtla, Ver.- A m\u00e1s de a\u00f1o y medio de mantenerse vigente el conflicto entre ejidatarios y comerciantes [&hellip;]<\/p>\n","protected":false},"author":2476,"featured_media":72150,"comment_status":"open","ping_status":"open","sticky":false,"template":"","format":"standard","meta":{"_jetpack_memberships_contains_paid_content":false,"footnotes":""},"categories":[2],"tags":[],"class_list":["post-72149","post","type-post","status-publish","format-standard","has-post-thumbnail","hentry","category-estado"],"jetpack_featured_media_url":"https:\/\/encuentroinformativo.com.mx\/wp-content\/uploads\/2025\/10\/IMG-20251020-WA0561.jpg","jetpack_sharing_enabled":true,"jetpack_likes_enabled":true,"amp_enabled":true,"_links":{"self":[{"href":"https:\/\/encuentroinformativo.com.mx\/index.php?rest_route=\/wp\/v2\/posts\/72149","targetHints":{"allow":["GET"]}}],"collection":[{"href":"https:\/\/encuentroinformativo.com.mx\/index.php?rest_route=\/wp\/v2\/posts"}],"about":[{"href":"https:\/\/encuentroinformativo.com.mx\/index.php?rest_route=\/wp\/v2\/types\/post"}],"author":[{"embeddable":true,"href":"https:\/\/encuentroinformativo.com.mx\/index.php?rest_route=\/wp\/v2\/users\/2476"}],"replies":[{"embeddable":true,"href":"https:\/\/encuentroinformativo.com.mx\/index.php?rest_route=%2Fwp%2Fv2%2Fcomments&post=72149"}],"version-history":[{"count":1,"href":"https:\/\/encuentroinformativo.com.mx\/index.php?rest_route=\/wp\/v2\/posts\/72149\/revisions"}],"predecessor-version":[{"id":72152,"href":"https:\/\/encuentroinformativo.com.mx\/index.php?rest_route=\/wp\/v2\/posts\/72149\/revisions\/72152"}],"wp:featuredmedia":[{"embeddable":true,"href":"https:\/\/encuentroinformativo.com.mx\/index.php?rest_route=\/wp\/v2\/media\/72150"}],"wp:attachment":[{"href":"https:\/\/encuentroinformativo.com.mx\/index.php?rest_route=%2Fwp%2Fv2%2Fmedia&parent=72149"}],"wp:term":[{"taxonomy":"category","embeddable":true,"href":"https:\/\/encuentroinformativo.com.mx\/index.php?rest_route=%2Fwp%2Fv2%2Fcategories&post=72149"},{"taxonomy":"post_tag","embeddable":true,"href":"https:\/\/encuentroinformativo.com.mx\/index.php?rest_route=%2Fwp%2Fv2%2Ftags&post=72149"}],"curies":[{"name":"wp","href":"https:\/\/api.w.org\/{rel}","templated":true}]}}