{"id":72153,"date":"2025-10-20T21:14:52","date_gmt":"2025-10-21T03:14:52","guid":{"rendered":"https:\/\/encuentroinformativo.com.mx\/?p=72153"},"modified":"2025-10-20T21:14:52","modified_gmt":"2025-10-21T03:14:52","slug":"veracruz-sustituye-seguros-ineficaces-por-un-fideicomiso-estatal-solido","status":"publish","type":"post","link":"https:\/\/encuentroinformativo.com.mx\/?p=72153","title":{"rendered":"Veracruz sustituye seguros ineficaces por un Fideicomiso estatal s\u00f3lido\u00a0\u00a0"},"content":{"rendered":"<p><strong>* Cuenta con respaldo financiero y capacidad de respuesta ante emergencias.<\/strong><\/p>\n<p><strong>* Aseguradoras promovieron el rumor de que el estado estaba desprotegido.<\/strong><\/p>\n<p>Xalapa, Ver.- Veracruz no se encuentra desprotegido ante las contingencias naturales, pues la administraci\u00f3n cuenta con recursos propios y un Fideicomiso de Protecci\u00f3n Civil para la atenci\u00f3n de desastres y emergencias sin depender de aseguradoras que durante a\u00f1os resultaron ineficientes y costosas para el erario, reiter\u00f3 la gobernadora Roc\u00edo Nahle Garc\u00eda.<\/p>\n<p>En entrevista radiof\u00f3nica, explic\u00f3 que durante el sexenio anterior se destinaron m\u00e1s de 750 millones de pesos al pago de seguros por desastres y por cobertura a trabajadores, sin que estos recursos ofrecieran una respuesta oportuna ni proporcional al gasto.<\/p>\n<p>\u201cTan solo con el hurac\u00e1n Grace, el Estado pag\u00f3 150 millones de pesos por a\u00f1o en p\u00f3lizas, y despu\u00e9s de meses solo se le regresaron 25 millones, y eso tras cumplir con requisitos absurdos: comprobar factura por cada l\u00e1mina o silla da\u00f1ada. Esa es la realidad de c\u00f3mo operan las aseguradoras\u201d.<\/p>\n<p>Ante ello, la actual administraci\u00f3n determin\u00f3 no renovar las p\u00f3lizas onerosas y, en su lugar, existe un fideicomiso estatal de atenci\u00f3n a emergencias y que cubre tambi\u00e9n a trabajadores de Estado, permite disponer de recursos de manera inmediata, transparente y sin intermediarios.<\/p>\n<p>\u201cDijimos: no m\u00e1s. Vamos a crear un fondo en Veracruz para atender directamente cualquier eventualidad. As\u00ed, los recursos se quedan aqu\u00ed y se aplican en beneficio de los veracruzanos, sin burocracia ni lucro\u201d.<\/p>\n<p>Critic\u00f3 que, en medio de la emergencia, las propias aseguradoras y actores pol\u00edticos mezquinos siembren desinformaci\u00f3n al se\u00f1alar que la entidad carece de respaldo, \u201cal momento que ocurre esto, enseguida las propias aseguradoras son las que salen: No tiene seguro Veracruz. Qu\u00e9 barbaridad. \u00bfQu\u00e9 van a hacer?\u201d.<\/p>\n<p>Se\u00f1al\u00f3 que la respuesta a la poblaci\u00f3n se est\u00e1 dando y como nunca ha fluido el apoyo del Gobierno del Estado, de la Federaci\u00f3n y de otras entidades \u201choy el apoyo fluye como nunca: camiones, v\u00edveres, maquinaria, traslados\u2026 todo lo necesario est\u00e1 dispuesto porque es dinero de los veracruzanos\u201d.<\/p>\n<p><img loading=\"lazy\" decoding=\"async\" class=\"aligncenter size-medium wp-image-72155\" src=\"https:\/\/encuentroinformativo.com.mx\/wp-content\/uploads\/2025\/10\/IMG-20251020-WA0597-300x225.jpg\" alt=\"\" width=\"300\" height=\"225\" srcset=\"https:\/\/encuentroinformativo.com.mx\/wp-content\/uploads\/2025\/10\/IMG-20251020-WA0597-300x225.jpg 300w, https:\/\/encuentroinformativo.com.mx\/wp-content\/uploads\/2025\/10\/IMG-20251020-WA0597-1024x768.jpg 1024w, https:\/\/encuentroinformativo.com.mx\/wp-content\/uploads\/2025\/10\/IMG-20251020-WA0597-768x576.jpg 768w, https:\/\/encuentroinformativo.com.mx\/wp-content\/uploads\/2025\/10\/IMG-20251020-WA0597-1536x1152.jpg 1536w, https:\/\/encuentroinformativo.com.mx\/wp-content\/uploads\/2025\/10\/IMG-20251020-WA0597-2048x1536.jpg 2048w\" sizes=\"auto, (max-width: 300px) 100vw, 300px\" \/><\/p>\n","protected":false},"excerpt":{"rendered":"<p>* Cuenta con respaldo financiero y capacidad de respuesta ante emergencias. * Aseguradoras promovieron el rumor de que el estado estaba desprotegido. Xalapa, Ver.- Veracruz no se encuentra desprotegido ante las contingencias naturales, pues la administraci\u00f3n cuenta con recursos propios y un Fideicomiso de Protecci\u00f3n Civil para la atenci\u00f3n de desastres y emergencias sin depender [&hellip;]<\/p>\n","protected":false},"author":2476,"featured_media":72154,"comment_status":"open","ping_status":"open","sticky":false,"template":"","format":"standard","meta":{"_jetpack_memberships_contains_paid_content":false,"footnotes":""},"categories":[2],"tags":[],"class_list":["post-72153","post","type-post","status-publish","format-standard","has-post-thumbnail","hentry","category-estado"],"jetpack_featured_media_url":"https:\/\/encuentroinformativo.com.mx\/wp-content\/uploads\/2025\/10\/IMG-20251020-WA0592-scaled.jpg","jetpack_sharing_enabled":true,"jetpack_likes_enabled":true,"amp_enabled":true,"_links":{"self":[{"href":"https:\/\/encuentroinformativo.com.mx\/index.php?rest_route=\/wp\/v2\/posts\/72153","targetHints":{"allow":["GET"]}}],"collection":[{"href":"https:\/\/encuentroinformativo.com.mx\/index.php?rest_route=\/wp\/v2\/posts"}],"about":[{"href":"https:\/\/encuentroinformativo.com.mx\/index.php?rest_route=\/wp\/v2\/types\/post"}],"author":[{"embeddable":true,"href":"https:\/\/encuentroinformativo.com.mx\/index.php?rest_route=\/wp\/v2\/users\/2476"}],"replies":[{"embeddable":true,"href":"https:\/\/encuentroinformativo.com.mx\/index.php?rest_route=%2Fwp%2Fv2%2Fcomments&post=72153"}],"version-history":[{"count":1,"href":"https:\/\/encuentroinformativo.com.mx\/index.php?rest_route=\/wp\/v2\/posts\/72153\/revisions"}],"predecessor-version":[{"id":72156,"href":"https:\/\/encuentroinformativo.com.mx\/index.php?rest_route=\/wp\/v2\/posts\/72153\/revisions\/72156"}],"wp:featuredmedia":[{"embeddable":true,"href":"https:\/\/encuentroinformativo.com.mx\/index.php?rest_route=\/wp\/v2\/media\/72154"}],"wp:attachment":[{"href":"https:\/\/encuentroinformativo.com.mx\/index.php?rest_route=%2Fwp%2Fv2%2Fmedia&parent=72153"}],"wp:term":[{"taxonomy":"category","embeddable":true,"href":"https:\/\/encuentroinformativo.com.mx\/index.php?rest_route=%2Fwp%2Fv2%2Fcategories&post=72153"},{"taxonomy":"post_tag","embeddable":true,"href":"https:\/\/encuentroinformativo.com.mx\/index.php?rest_route=%2Fwp%2Fv2%2Ftags&post=72153"}],"curies":[{"name":"wp","href":"https:\/\/api.w.org\/{rel}","templated":true}]}}