{"id":7216,"date":"2020-10-22T15:55:07","date_gmt":"2020-10-22T20:55:07","guid":{"rendered":"https:\/\/encuentroinformativo.com.mx\/?p=7216"},"modified":"2020-10-23T02:07:41","modified_gmt":"2020-10-23T07:07:41","slug":"defiende-alcalde-proyecto-de-ciclovia","status":"publish","type":"post","link":"https:\/\/encuentroinformativo.com.mx\/?p=7216","title":{"rendered":"Defiende alcalde proyecto de ciclov\u00eda"},"content":{"rendered":"\n<p><strong>Juan Arcos <\/strong><\/p>\n\n\n\n<p>Xalapa, Ver.- El presidente municipal de Xalapa, Hip\u00f3lito Rodr\u00edguez Herrero, declar\u00f3 que no permitir\u00e1 que un grupo de ciudadanos eche abajo el proyecto de la ciclov\u00eda sobre la avenida Adolfo Ruiz Cortines.<\/p>\n\n\n\n<p>A su juicio, las personas que se oponen al proyecto est\u00e1n desinformadas, toda vez que no ser\u00e1n cerrados carriles ni comercios en la zona.<\/p>\n\n\n\n<p>\u201cYo creo que ya la propia sociedad ha aprendido que este tipo de pronunciamientos, cuando no est\u00e1n bien informados, en lugar de ayudar a la comunidad le hacen da\u00f1o\u201d.<\/p>\n\n\n\n<p>Tambi\u00e9n detall\u00f3 que se buscar\u00e1 reanimar la econom\u00eda en la zona norte de la capital del estado, mediante la aplicaci\u00f3n del proyecto mencionado.<\/p>\n\n\n\n<p>\u201cEn realidad la ciclov\u00eda ayudar\u00e1 a que se reanime la econom\u00eda de esa arteria tan importante, no vamos a cancelar carriles, vamos a ofrecer nuevas condiciones para que haya mejor uso del espacio p\u00fablico y la ciclov\u00eda forma parte de un amplio proyecto de recuperaci\u00f3n de esa arteria\u201d.<\/p>\n\n\n\n<p>El edil mencion\u00f3 que ser\u00e1 reconstruido todo el asfalto, para eliminar los baches que hay en la avenida. Adem\u00e1s, de que ser\u00e1 mejorada la zona peatonal, las banquetas, y ser\u00e1n recuperadas las \u00e1reas verdes.<\/p>\n\n\n\n<p>\u201cLo que se va a hacer es ofrecerle nuevas alternativas al transporte p\u00fablico para que cuente con bah\u00edas donde pueda estacionarse sin bloquear la movilidad de los dem\u00e1s veh\u00edculos\u201d.<\/p>\n\n\n\n<p>Record\u00f3 que la ciclov\u00eda corresponde a un proyecto nacional y global, para evitar que la poblaci\u00f3n sea dependiente de los combustibles f\u00f3siles.<\/p>\n\n\n\n<p>\u201cLo que necesitamos es darle m\u00e1s importancia a alternativas de movilidad, que nos den autonom\u00eda, que sean m\u00e1s saludables y que contribuyan a tener una ciudad m\u00e1s sana\u201d.<br>Cabe recordar que se contempla una inversi\u00f3n de 14 millones de pesos para la instalaci\u00f3n de la ciclov\u00eda.<\/p>\n","protected":false},"excerpt":{"rendered":"<p>Juan Arcos Xalapa, Ver.- El presidente municipal de Xalapa, Hip\u00f3lito Rodr\u00edguez Herrero, declar\u00f3 que no permitir\u00e1 que un grupo de ciudadanos eche abajo el proyecto de la ciclov\u00eda sobre la avenida Adolfo Ruiz Cortines. A su juicio, las personas que se oponen al proyecto est\u00e1n desinformadas, toda vez que no ser\u00e1n cerrados carriles ni comercios [&hellip;]<\/p>\n","protected":false},"author":1,"featured_media":7217,"comment_status":"open","ping_status":"open","sticky":false,"template":"","format":"standard","meta":{"_jetpack_memberships_contains_paid_content":false,"footnotes":""},"categories":[3],"tags":[],"class_list":["post-7216","post","type-post","status-publish","format-standard","has-post-thumbnail","hentry","category-xalapa"],"jetpack_featured_media_url":"https:\/\/encuentroinformativo.com.mx\/wp-content\/uploads\/2020\/10\/BFA9721C-5A30-47BB-B769-EE7BD61D82A6.jpeg","jetpack_sharing_enabled":true,"jetpack_likes_enabled":true,"amp_enabled":true,"_links":{"self":[{"href":"https:\/\/encuentroinformativo.com.mx\/index.php?rest_route=\/wp\/v2\/posts\/7216","targetHints":{"allow":["GET"]}}],"collection":[{"href":"https:\/\/encuentroinformativo.com.mx\/index.php?rest_route=\/wp\/v2\/posts"}],"about":[{"href":"https:\/\/encuentroinformativo.com.mx\/index.php?rest_route=\/wp\/v2\/types\/post"}],"author":[{"embeddable":true,"href":"https:\/\/encuentroinformativo.com.mx\/index.php?rest_route=\/wp\/v2\/users\/1"}],"replies":[{"embeddable":true,"href":"https:\/\/encuentroinformativo.com.mx\/index.php?rest_route=%2Fwp%2Fv2%2Fcomments&post=7216"}],"version-history":[{"count":1,"href":"https:\/\/encuentroinformativo.com.mx\/index.php?rest_route=\/wp\/v2\/posts\/7216\/revisions"}],"predecessor-version":[{"id":7218,"href":"https:\/\/encuentroinformativo.com.mx\/index.php?rest_route=\/wp\/v2\/posts\/7216\/revisions\/7218"}],"wp:featuredmedia":[{"embeddable":true,"href":"https:\/\/encuentroinformativo.com.mx\/index.php?rest_route=\/wp\/v2\/media\/7217"}],"wp:attachment":[{"href":"https:\/\/encuentroinformativo.com.mx\/index.php?rest_route=%2Fwp%2Fv2%2Fmedia&parent=7216"}],"wp:term":[{"taxonomy":"category","embeddable":true,"href":"https:\/\/encuentroinformativo.com.mx\/index.php?rest_route=%2Fwp%2Fv2%2Fcategories&post=7216"},{"taxonomy":"post_tag","embeddable":true,"href":"https:\/\/encuentroinformativo.com.mx\/index.php?rest_route=%2Fwp%2Fv2%2Ftags&post=7216"}],"curies":[{"name":"wp","href":"https:\/\/api.w.org\/{rel}","templated":true}]}}