{"id":72171,"date":"2025-10-21T13:54:08","date_gmt":"2025-10-21T19:54:08","guid":{"rendered":"https:\/\/encuentroinformativo.com.mx\/?p=72171"},"modified":"2025-10-21T13:54:08","modified_gmt":"2025-10-21T19:54:08","slug":"rondalla-zorzal-pide-apoyo-para-participar-en-festival-internacional","status":"publish","type":"post","link":"https:\/\/encuentroinformativo.com.mx\/?p=72171","title":{"rendered":"Rondalla Zorzal pide apoyo para participar en Festival Internacional"},"content":{"rendered":"<p><strong>Dar\u00edo Pale<\/strong><\/p>\n<p>Xalapa, Ver.- Integrantes de la Rondalla Zorzal de Xalapa informaron que fueron invitados a participar en el Festival Internacional de Rondallas Costa Rica 2026, uno de los eventos m\u00e1s importantes del g\u00e9nero, por lo que pidieron el apoyo de la sociedad y del sector empresarial para poder viajar.<\/p>\n<p>&#8220;Para nosotros no solo se trata de asistir a un festival; se trata de llevar el nombre de Xalapa, de Veracruz y de M\u00e9xico m\u00e1s all\u00e1 de nuestras fronteras, con la pasi\u00f3n y la entrega que siempre nos ha caracterizado&#8221;, se\u00f1alaron.<\/p>\n<p>La rondalla tiene 38 a\u00f1os de historia, a lo largo de este tiempo han compartido escenarios, viajes, serenatas y, sobre todo, una gran amistad que ha hecho que la m\u00fasica siga siendo el motor que nos une.<\/p>\n<p>&#8220;Hemos tenido la fortuna de representar a Xalapa en distintos estados del pa\u00eds, y cada vez que alguien se nos acerca despu\u00e9s de escucharnos y nos dice que le recordamos a alguien o a un momento especial, sentimos que vale la pena cada desvelo, cada ensayo, cada kil\u00f3metro recorrido. Hoy, despu\u00e9s de tantos a\u00f1os de esfuerzo, la vida nos da la oportunidad de representar a nuestro estado de Veracruz ante el mundo, y queremos hacerlo con el coraz\u00f3n en la mano&#8221;, indicaron.<\/p>\n<p>Asimismo, dijeron que el sue\u00f1o de viajar a Costa Rica es un reto que implica muchos gastos: transporte, hospedaje, alimentaci\u00f3n y llevar nuestros instrumentos.<\/p>\n<p>&#8220;Por eso, queremos abrir el coraz\u00f3n y decir que estamos buscando patrocinadores, empresas, instituciones o personas que deseen sumarse a esta causa y ayudarnos a hacer posible esta representaci\u00f3n internacional. Adem\u00e1s, estamos realizando diferentes actividades y din\u00e1micas, entre ellas serenatas y eventos especiales. Cada serenata que llevamos a los hogares xalape\u00f1os tiene un prop\u00f3sito doble: seguir compartiendo la m\u00fasica que amamos y reunir fondos para que este sue\u00f1o se haga realidad&#8221;, expusieron.<\/p>\n<p>De manera que si alguien desea contratarlos, puede tener la certeza de que est\u00e1 apoyando directamente el viaje de la Rondalla Zorzal rumbo a Costa Rica 2026.<\/p>\n<p>Uno de los integrantes expuso: &#8220;La rondalla para m\u00ed es m\u00e1s que m\u00fasica, es una familia. Aqu\u00ed todos nos cuidamos, reimos, nos apoyamos y hemos vivido momentos muy importantes juntos. Hemos cantado en bodas, serenatas, festivales y tambi\u00e9n hemos acompa\u00f1ado a personas en momentos tristes. Eso nos ha hecho m\u00e1s humanos y m\u00e1s unidos&#8221;.<\/p>\n<p>Otro coment\u00f3: &#8220;Todos tenemos diferentes trabajos, profesiones, familias&#8230; y aun as\u00ed, siempre encontramos el momento para ensayar y cantar. Porque la rondalla es una parte de nosotros, una manera de conectar con la gente. Este viaje no es solo un compromiso musical, es un compromiso emocional. Queremos demostrar que con amor y trabajo en equipo, los sue\u00f1os s\u00ed se logran&#8221;.<\/p>\n<p>Adem\u00e1s, comentaron que lo que m\u00e1s los impulsa es saber que detr\u00e1s de cada canci\u00f3n hay alguien que se emociona, que recuerda o que sonrie. &#8220;Cuando tocamos, sentimos que llevamos un pedacito de Xalapa a cada lugar. Ir a Costa Rica significa poner a nuestro estado y a nuestro pa\u00eds en alto, y lo haremos con toda el alma&#8221;.<\/p>\n","protected":false},"excerpt":{"rendered":"<p>Dar\u00edo Pale Xalapa, Ver.- Integrantes de la Rondalla Zorzal de Xalapa informaron que fueron invitados a participar en el Festival Internacional de Rondallas Costa Rica 2026, uno de los eventos m\u00e1s importantes del g\u00e9nero, por lo que pidieron el apoyo de la sociedad y del sector empresarial para poder viajar. &#8220;Para nosotros no solo se [&hellip;]<\/p>\n","protected":false},"author":2476,"featured_media":72172,"comment_status":"open","ping_status":"open","sticky":false,"template":"","format":"standard","meta":{"_jetpack_memberships_contains_paid_content":false,"footnotes":""},"categories":[3],"tags":[],"class_list":["post-72171","post","type-post","status-publish","format-standard","has-post-thumbnail","hentry","category-xalapa"],"jetpack_featured_media_url":"https:\/\/encuentroinformativo.com.mx\/wp-content\/uploads\/2025\/10\/IMG-20251021-WA0192.jpg","jetpack_sharing_enabled":true,"jetpack_likes_enabled":true,"amp_enabled":true,"_links":{"self":[{"href":"https:\/\/encuentroinformativo.com.mx\/index.php?rest_route=\/wp\/v2\/posts\/72171","targetHints":{"allow":["GET"]}}],"collection":[{"href":"https:\/\/encuentroinformativo.com.mx\/index.php?rest_route=\/wp\/v2\/posts"}],"about":[{"href":"https:\/\/encuentroinformativo.com.mx\/index.php?rest_route=\/wp\/v2\/types\/post"}],"author":[{"embeddable":true,"href":"https:\/\/encuentroinformativo.com.mx\/index.php?rest_route=\/wp\/v2\/users\/2476"}],"replies":[{"embeddable":true,"href":"https:\/\/encuentroinformativo.com.mx\/index.php?rest_route=%2Fwp%2Fv2%2Fcomments&post=72171"}],"version-history":[{"count":1,"href":"https:\/\/encuentroinformativo.com.mx\/index.php?rest_route=\/wp\/v2\/posts\/72171\/revisions"}],"predecessor-version":[{"id":72173,"href":"https:\/\/encuentroinformativo.com.mx\/index.php?rest_route=\/wp\/v2\/posts\/72171\/revisions\/72173"}],"wp:featuredmedia":[{"embeddable":true,"href":"https:\/\/encuentroinformativo.com.mx\/index.php?rest_route=\/wp\/v2\/media\/72172"}],"wp:attachment":[{"href":"https:\/\/encuentroinformativo.com.mx\/index.php?rest_route=%2Fwp%2Fv2%2Fmedia&parent=72171"}],"wp:term":[{"taxonomy":"category","embeddable":true,"href":"https:\/\/encuentroinformativo.com.mx\/index.php?rest_route=%2Fwp%2Fv2%2Fcategories&post=72171"},{"taxonomy":"post_tag","embeddable":true,"href":"https:\/\/encuentroinformativo.com.mx\/index.php?rest_route=%2Fwp%2Fv2%2Ftags&post=72171"}],"curies":[{"name":"wp","href":"https:\/\/api.w.org\/{rel}","templated":true}]}}