{"id":72174,"date":"2025-10-21T13:58:00","date_gmt":"2025-10-21T19:58:00","guid":{"rendered":"https:\/\/encuentroinformativo.com.mx\/?p=72174"},"modified":"2025-10-21T13:58:00","modified_gmt":"2025-10-21T19:58:00","slug":"veracruz-en-el-top-5-de-padecimientos-de-cancer-de-mama","status":"publish","type":"post","link":"https:\/\/encuentroinformativo.com.mx\/?p=72174","title":{"rendered":"Veracruz en el top 5 de padecimientos de c\u00e1ncer de mama"},"content":{"rendered":"<p><strong>Alejandro \u00c1vila<\/strong><\/p>\n<p>Veracruz, Ver.- La entidad veracruzana se encuentra en el top 5 de padecimientos de c\u00e1ncer de mama, por ello la importancia de no bajar los brazos y continuar con las acciones preventivas, se\u00f1al\u00f3 la fundadora de Mujeres de Impacto Social (MIS), Lissethe Mart\u00ednez Echeverr\u00eda.<\/p>\n<p>La activista dio a conocer que lamentablemente estos padecimientos se han acentuado en las mujeres j\u00f3venes, por lo cual se encuentran en campa\u00f1a para revisi\u00f3n.<\/p>\n<p>Recalc\u00f3 que el c\u00e1ncer de mama es una enfermedad multifactorial que puede relacionarse con temas como la alimentaci\u00f3n, el estilo de vida y componentes gen\u00e9ticos.<\/p>\n<p>\u201cVeracruz, a nivel nacional en temas de mama, ocupamos el cuarto lugar; es algo que a nivel mundial es una lucha constante\u201d, se\u00f1al\u00f3.<\/p>\n<p>Dijo que, por ello, en conjunto con diferentes empresas y asociaciones, est\u00e1n impulsando dos actividades altruistas para recaudar fondos y financiar mastograf\u00edas y radiograf\u00edas.<\/p>\n<p>Precis\u00f3 que una de ellas es el taller de dise\u00f1o de tote bag, que tiene un costo de 200 pesos y que se realizar\u00e1 el d\u00eda 26 de octubre.<\/p>\n<p>A\u00f1adi\u00f3 que tambi\u00e9n, a trav\u00e9s de sus redes sociales, est\u00e1n realizando la venta de un peluche interactivo que puede ayudar con la ansiedad y que tiene un costo de 250 pesos.<\/p>\n<p>\u201cEste es el quinto a\u00f1o en que la fundaci\u00f3n lleva a cabo este tipo de actividades en beneficio del pueblo veracruzano y de las mujeres y sus familias\u201d, indic\u00f3.<\/p>\n","protected":false},"excerpt":{"rendered":"<p>Alejandro \u00c1vila Veracruz, Ver.- La entidad veracruzana se encuentra en el top 5 de padecimientos de c\u00e1ncer de mama, por ello la importancia de no bajar los brazos y continuar con las acciones preventivas, se\u00f1al\u00f3 la fundadora de Mujeres de Impacto Social (MIS), Lissethe Mart\u00ednez Echeverr\u00eda. La activista dio a conocer que lamentablemente estos padecimientos [&hellip;]<\/p>\n","protected":false},"author":2476,"featured_media":72175,"comment_status":"open","ping_status":"open","sticky":false,"template":"","format":"standard","meta":{"_jetpack_memberships_contains_paid_content":false,"footnotes":""},"categories":[9],"tags":[],"class_list":["post-72174","post","type-post","status-publish","format-standard","has-post-thumbnail","hentry","category-salud"],"jetpack_featured_media_url":"https:\/\/encuentroinformativo.com.mx\/wp-content\/uploads\/2025\/10\/IMG-20251021-WA0201.jpg","jetpack_sharing_enabled":true,"jetpack_likes_enabled":true,"amp_enabled":true,"_links":{"self":[{"href":"https:\/\/encuentroinformativo.com.mx\/index.php?rest_route=\/wp\/v2\/posts\/72174","targetHints":{"allow":["GET"]}}],"collection":[{"href":"https:\/\/encuentroinformativo.com.mx\/index.php?rest_route=\/wp\/v2\/posts"}],"about":[{"href":"https:\/\/encuentroinformativo.com.mx\/index.php?rest_route=\/wp\/v2\/types\/post"}],"author":[{"embeddable":true,"href":"https:\/\/encuentroinformativo.com.mx\/index.php?rest_route=\/wp\/v2\/users\/2476"}],"replies":[{"embeddable":true,"href":"https:\/\/encuentroinformativo.com.mx\/index.php?rest_route=%2Fwp%2Fv2%2Fcomments&post=72174"}],"version-history":[{"count":1,"href":"https:\/\/encuentroinformativo.com.mx\/index.php?rest_route=\/wp\/v2\/posts\/72174\/revisions"}],"predecessor-version":[{"id":72176,"href":"https:\/\/encuentroinformativo.com.mx\/index.php?rest_route=\/wp\/v2\/posts\/72174\/revisions\/72176"}],"wp:featuredmedia":[{"embeddable":true,"href":"https:\/\/encuentroinformativo.com.mx\/index.php?rest_route=\/wp\/v2\/media\/72175"}],"wp:attachment":[{"href":"https:\/\/encuentroinformativo.com.mx\/index.php?rest_route=%2Fwp%2Fv2%2Fmedia&parent=72174"}],"wp:term":[{"taxonomy":"category","embeddable":true,"href":"https:\/\/encuentroinformativo.com.mx\/index.php?rest_route=%2Fwp%2Fv2%2Fcategories&post=72174"},{"taxonomy":"post_tag","embeddable":true,"href":"https:\/\/encuentroinformativo.com.mx\/index.php?rest_route=%2Fwp%2Fv2%2Ftags&post=72174"}],"curies":[{"name":"wp","href":"https:\/\/api.w.org\/{rel}","templated":true}]}}