{"id":72181,"date":"2025-10-21T15:42:10","date_gmt":"2025-10-21T21:42:10","guid":{"rendered":"https:\/\/encuentroinformativo.com.mx\/?p=72181"},"modified":"2025-10-21T15:42:10","modified_gmt":"2025-10-21T21:42:10","slug":"complicado-hacer-cine-en-cuba-pero-se-debe-contar-lo-que-pasa-cineasta","status":"publish","type":"post","link":"https:\/\/encuentroinformativo.com.mx\/?p=72181","title":{"rendered":"Complicado hacer cine en Cuba pero se debe contar lo que pasa: Cineasta"},"content":{"rendered":"<p><strong>Alejandro \u00c1vila<\/strong><\/p>\n<p>Veracruz, Ver.- Hacer cine en Cuba es m\u00e1s importante que nunca para contar desde adentro lo que ocurre en la isla del Caribe asegur\u00f3 la directora y productora cubana, Aileen Reyes.<\/p>\n<p>Expres\u00f3 que actualmente poder hacer filmaciones en Cuba es sumamente complicado, aunque se ha abierto la puerta de la independencia con la llegada de nuevas tecnolog\u00edas, que facilitan el acceso a c\u00e1maras y otros dispositivos.<\/p>\n<p>Sin embargo, apunt\u00f3 que hay recursos financieros reducidos para hacer filmaciones y adem\u00e1s deben enfrentar la censura a ra\u00edz de algunos temas que se abordan en las pel\u00edculas que se realizan.<\/p>\n<p>\u201cLo que tenemos es una di\u00e1sfora muy grande de cineastas, casi una gran parte de los cineastas cubanos est\u00e1n fuera de haber tenido que migrar a Espa\u00f1a, est\u00e1n en M\u00e9xico, est\u00e1n en muchas partes porque desde el cine s\u00ed se abordan temas bastante cr\u00edticos\u201d, coment\u00f3.<\/p>\n<p>Dijo que poco a poco se ha logrado que se voltee a ver al cine de Cuba, y parte de ello es que en breve participar\u00e1n en el Festival<br \/>\nInternacional de Cine Documental de la Ciudad de M\u00e9xico (DocsMX), que se llevar\u00e1 a cabo del 23 al 31 de octubre de 2025.<\/p>\n<p>En dicho festival presentar\u00e1n el documental La Tumba del Papalote, en el que se aborda la relaci\u00f3n de diversas personas con la muerte y el cementerio m\u00e1s antiguo de la isla.<\/p>\n<p>Previo a su visita a la Ciudad de M\u00e9xico, ella y otras compa\u00f1eras cineastas brindar\u00e1n diversos talleres y pl\u00e1ticas a universitarios veracruzanos que est\u00e9n interesados en el s\u00e9ptimo arte.<\/p>\n","protected":false},"excerpt":{"rendered":"<p>Alejandro \u00c1vila Veracruz, Ver.- Hacer cine en Cuba es m\u00e1s importante que nunca para contar desde adentro lo que ocurre en la isla del Caribe asegur\u00f3 la directora y productora cubana, Aileen Reyes. Expres\u00f3 que actualmente poder hacer filmaciones en Cuba es sumamente complicado, aunque se ha abierto la puerta de la independencia con la [&hellip;]<\/p>\n","protected":false},"author":2476,"featured_media":72182,"comment_status":"open","ping_status":"open","sticky":false,"template":"","format":"standard","meta":{"_jetpack_memberships_contains_paid_content":false,"footnotes":""},"categories":[2,13],"tags":[],"class_list":["post-72181","post","type-post","status-publish","format-standard","has-post-thumbnail","hentry","category-estado","category-internacional"],"jetpack_featured_media_url":"https:\/\/encuentroinformativo.com.mx\/wp-content\/uploads\/2025\/10\/IMG-20251021-WA02412.jpg","jetpack_sharing_enabled":true,"jetpack_likes_enabled":true,"amp_enabled":true,"_links":{"self":[{"href":"https:\/\/encuentroinformativo.com.mx\/index.php?rest_route=\/wp\/v2\/posts\/72181","targetHints":{"allow":["GET"]}}],"collection":[{"href":"https:\/\/encuentroinformativo.com.mx\/index.php?rest_route=\/wp\/v2\/posts"}],"about":[{"href":"https:\/\/encuentroinformativo.com.mx\/index.php?rest_route=\/wp\/v2\/types\/post"}],"author":[{"embeddable":true,"href":"https:\/\/encuentroinformativo.com.mx\/index.php?rest_route=\/wp\/v2\/users\/2476"}],"replies":[{"embeddable":true,"href":"https:\/\/encuentroinformativo.com.mx\/index.php?rest_route=%2Fwp%2Fv2%2Fcomments&post=72181"}],"version-history":[{"count":2,"href":"https:\/\/encuentroinformativo.com.mx\/index.php?rest_route=\/wp\/v2\/posts\/72181\/revisions"}],"predecessor-version":[{"id":72184,"href":"https:\/\/encuentroinformativo.com.mx\/index.php?rest_route=\/wp\/v2\/posts\/72181\/revisions\/72184"}],"wp:featuredmedia":[{"embeddable":true,"href":"https:\/\/encuentroinformativo.com.mx\/index.php?rest_route=\/wp\/v2\/media\/72182"}],"wp:attachment":[{"href":"https:\/\/encuentroinformativo.com.mx\/index.php?rest_route=%2Fwp%2Fv2%2Fmedia&parent=72181"}],"wp:term":[{"taxonomy":"category","embeddable":true,"href":"https:\/\/encuentroinformativo.com.mx\/index.php?rest_route=%2Fwp%2Fv2%2Fcategories&post=72181"},{"taxonomy":"post_tag","embeddable":true,"href":"https:\/\/encuentroinformativo.com.mx\/index.php?rest_route=%2Fwp%2Fv2%2Ftags&post=72181"}],"curies":[{"name":"wp","href":"https:\/\/api.w.org\/{rel}","templated":true}]}}