{"id":72185,"date":"2025-10-21T16:09:10","date_gmt":"2025-10-21T22:09:10","guid":{"rendered":"https:\/\/encuentroinformativo.com.mx\/?p=72185"},"modified":"2025-10-21T16:09:10","modified_gmt":"2025-10-21T22:09:10","slug":"tragedia-sin-precedentes-inundaciones-en-la-zona-norte-croc","status":"publish","type":"post","link":"https:\/\/encuentroinformativo.com.mx\/?p=72185","title":{"rendered":"Tragedia sin precedentes inundaciones en la zona norte: CROC"},"content":{"rendered":"<p><strong>Dar\u00edo Pale<\/strong><\/p>\n<p>Xalapa, Ver.- El representante estatal de la Confederaci\u00f3n Revolucionaria de Obreros y Campesinos (CROC), Tom\u00e1s Tejeda Mart\u00ednez, calific\u00f3 como \u201cuna tragedia sin precedentes\u201d los da\u00f1os ocasionados por las lluvias torrenciales en la zona norte de Veracruz, donde municipios como Poza Rica, \u00c1lamo, P\u00e1nuco, Tecolutla y Guti\u00e9rrez Zamora resultaron severamente afectados.<\/p>\n<p>\u201cLo que pas\u00f3 en el norte del estado nunca antes se hab\u00eda visto, ni siquiera con los huracanes m\u00e1s grandes. Media ciudad de Poza Rica est\u00e1 devastada, es muy lamentable\u201d, se\u00f1al\u00f3 el dirigente sindical al referirse a los estragos que dejaron las precipitaciones de los \u00faltimos d\u00edas.<\/p>\n<p>Tejeda Mart\u00ednez destac\u00f3 que desde la semana pasada la organizaci\u00f3n que representa ha movilizado recursos humanos y materiales para apoyar a las familias damnificadas. Inform\u00f3 que, en coordinaci\u00f3n con los dirigentes de la CROC en Poza Rica y Mart\u00ednez de la Torre, se enviaron 12 camiones de volteo y una docena de torton para colaborar en las labores de limpieza y remoci\u00f3n de escombros.<\/p>\n<p>\u201cEl apoyo ha sido voluntario de nuestros compa\u00f1eros transportistas de la CROC en Mart\u00ednez de la Torre. Si cobr\u00e1semos ese trabajo, ser\u00edan m\u00e1s de 70 mil pesos diarios, pero todo se hace por solidaridad\u201d, expres\u00f3.<\/p>\n<p>Asimismo, anunci\u00f3 que este martes viajar\u00e1 nuevamente a la zona afectada con una camioneta de tres toneladas cargada de v\u00edveres, como parte de las acciones de ayuda que la organizaci\u00f3n contin\u00faa coordinando.<\/p>\n<p>El representante estatal reconoci\u00f3 que, a pesar de los esfuerzos de las autoridades y de la sociedad civil, muchas comunidades siguen incomunicadas, especialmente en municipios serranos como Ilamatl\u00e1n, Chicontepec y Tantoyuca, donde el desbordamiento de r\u00edos mantiene aisladas a varias familias.<\/p>\n<p>En cuanto a la respuesta gubernamental, Tejeda Mart\u00ednez manifest\u00f3 su respaldo a las acciones emprendidas por la gobernadora Roc\u00edo Nahle Garc\u00eda, quien \u2014dijo\u2014 \u201cha demostrado compromiso y ha anunciado que no descansar\u00e1 hasta que todo el norte de Veracruz est\u00e9 al cien por ciento recuperado\u201d.<\/p>\n<p>Sin embargo, reconoci\u00f3 que la magnitud del desastre ha sobrepasado las capacidades operativas del Estado: \u201cNo es culpa del gobierno, esto fue un desastre natural muy grande. Llovi\u00f3 en un d\u00eda lo que normalmente llueve en un a\u00f1o. Es imposible apoyar a todos al mismo tiempo, pero los apoyos siguen llegando\u201d.<\/p>\n<p>El l\u00edder sindical tambi\u00e9n comparti\u00f3 casos de afectaci\u00f3n directa entre sus propios agremiados: \u201cEl dirigente de la CROC en Poza Rica perdi\u00f3 todo. Su casa se inund\u00f3 completamente. Aun as\u00ed, est\u00e1 ayudando a distribuir las despensas entre los dem\u00e1s compa\u00f1eros\u201d.<\/p>\n<p>Finalmente, envi\u00f3 un mensaje de solidaridad a los trabajadores croquistas y a la poblaci\u00f3n en general. \u201cEstamos con ustedes al cien por ciento, compartimos su dolor y no los vamos a dejar solos. Seguiremos organizando apoyos para nuestras compa\u00f1eras y compa\u00f1eros en Poza Rica, Tecolutla, Guti\u00e9rrez Zamora, \u00c1lamo, P\u00e1nuco y Tantoyuca. Lo m\u00e1s importante ahora es mantenernos unidos para salir adelante&#8221;.<\/p>\n","protected":false},"excerpt":{"rendered":"<p>Dar\u00edo Pale Xalapa, Ver.- El representante estatal de la Confederaci\u00f3n Revolucionaria de Obreros y Campesinos (CROC), Tom\u00e1s Tejeda Mart\u00ednez, calific\u00f3 como \u201cuna tragedia sin precedentes\u201d los da\u00f1os ocasionados por las lluvias torrenciales en la zona norte de Veracruz, donde municipios como Poza Rica, \u00c1lamo, P\u00e1nuco, Tecolutla y Guti\u00e9rrez Zamora resultaron severamente afectados. \u201cLo que pas\u00f3 [&hellip;]<\/p>\n","protected":false},"author":2476,"featured_media":72186,"comment_status":"open","ping_status":"open","sticky":false,"template":"","format":"standard","meta":{"_jetpack_memberships_contains_paid_content":false,"footnotes":""},"categories":[2],"tags":[],"class_list":["post-72185","post","type-post","status-publish","format-standard","has-post-thumbnail","hentry","category-estado"],"jetpack_featured_media_url":"https:\/\/encuentroinformativo.com.mx\/wp-content\/uploads\/2025\/10\/IMG-20251021-WA0212.jpg","jetpack_sharing_enabled":true,"jetpack_likes_enabled":true,"amp_enabled":true,"_links":{"self":[{"href":"https:\/\/encuentroinformativo.com.mx\/index.php?rest_route=\/wp\/v2\/posts\/72185","targetHints":{"allow":["GET"]}}],"collection":[{"href":"https:\/\/encuentroinformativo.com.mx\/index.php?rest_route=\/wp\/v2\/posts"}],"about":[{"href":"https:\/\/encuentroinformativo.com.mx\/index.php?rest_route=\/wp\/v2\/types\/post"}],"author":[{"embeddable":true,"href":"https:\/\/encuentroinformativo.com.mx\/index.php?rest_route=\/wp\/v2\/users\/2476"}],"replies":[{"embeddable":true,"href":"https:\/\/encuentroinformativo.com.mx\/index.php?rest_route=%2Fwp%2Fv2%2Fcomments&post=72185"}],"version-history":[{"count":1,"href":"https:\/\/encuentroinformativo.com.mx\/index.php?rest_route=\/wp\/v2\/posts\/72185\/revisions"}],"predecessor-version":[{"id":72187,"href":"https:\/\/encuentroinformativo.com.mx\/index.php?rest_route=\/wp\/v2\/posts\/72185\/revisions\/72187"}],"wp:featuredmedia":[{"embeddable":true,"href":"https:\/\/encuentroinformativo.com.mx\/index.php?rest_route=\/wp\/v2\/media\/72186"}],"wp:attachment":[{"href":"https:\/\/encuentroinformativo.com.mx\/index.php?rest_route=%2Fwp%2Fv2%2Fmedia&parent=72185"}],"wp:term":[{"taxonomy":"category","embeddable":true,"href":"https:\/\/encuentroinformativo.com.mx\/index.php?rest_route=%2Fwp%2Fv2%2Fcategories&post=72185"},{"taxonomy":"post_tag","embeddable":true,"href":"https:\/\/encuentroinformativo.com.mx\/index.php?rest_route=%2Fwp%2Fv2%2Ftags&post=72185"}],"curies":[{"name":"wp","href":"https:\/\/api.w.org\/{rel}","templated":true}]}}