{"id":72188,"date":"2025-10-21T16:21:24","date_gmt":"2025-10-21T22:21:24","guid":{"rendered":"https:\/\/encuentroinformativo.com.mx\/?p=72188"},"modified":"2025-10-21T16:21:24","modified_gmt":"2025-10-21T22:21:24","slug":"anuncian-inauguracion-del-mural-xalapenas-historicas","status":"publish","type":"post","link":"https:\/\/encuentroinformativo.com.mx\/?p=72188","title":{"rendered":"Anuncian inauguraci\u00f3n del mural &#8220;Xalape\u00f1as Hist\u00f3ricas&#8221;"},"content":{"rendered":"<p><strong>Dar\u00edo Pale<\/strong><\/p>\n<p>Xalapa, Ver.- Inaugurar\u00e1n el mural \u201cXalape\u00f1as Hist\u00f3ricas\u201d este domingo en el Viaducto del Parque Ju\u00e1rez, habr\u00e1 actividades culturales, exposici\u00f3n de arte y homenaje a v\u00edctimas de feminicidio y personas desaparecidas<\/p>\n<p>Tras un mes de trabajo colectivo, el pr\u00f3ximo domingo 26 de octubre ser\u00e1 inaugurado el mural \u201cXalape\u00f1as Hist\u00f3ricas\u201d, en el viaducto del Parque Ju\u00e1rez, una intervenci\u00f3n art\u00edstica impulsada por la colectiva Unidas, que busca visibilizar las luchas, aportes y resistencias de las mujeres veracruzanas.<\/p>\n<p>Las integrantes del proyecto -Mar\u00eda Teresa, Andrea Lira, Mar\u00eda Mart\u00ednez, Mar\u00eda Eugenia e Ivana Le\u00f3n- informaron que la inauguraci\u00f3n se llevar\u00e1 a cabo a las 13:00 horas, con una serie de actividades art\u00edsticas y culturales.<\/p>\n<p>\u201cNos queda una semana de trabajo y la inauguraci\u00f3n ser\u00e1 el domingo 26 a la una de la tarde. Tendremos actividades ese d\u00eda, una obra en el \u00c1gora de la Ciudad y una exposici\u00f3n de los trabajos de todas\u201d, explicaron.<\/p>\n<p>Durante el evento se cerrar\u00e1 temporalmente el viaducto de las 13:00 a las 14:30 horas, donde adem\u00e1s se realizar\u00e1 un homenaje a mujeres v\u00edctimas de feminicidio y personas desaparecidas.<\/p>\n<p>\u201cQueremos invitar a la gente a que lleve veladoras al viaducto a la una de la tarde. Vamos a hacer un peque\u00f1o homenaje a las mujeres v\u00edctimas de feminicidio y tambi\u00e9n a nuestros desaparecidos y desaparecidas de Veracruz\u201d, se\u00f1alaron.<\/p>\n<p>Como parte de la agenda de cierre del mural, esta semana se desarrollar\u00e1n diversas actividades:<\/p>\n<p>Mi\u00e9rcoles: concierto de la artista local Edna Nao.<\/p>\n<p>Jueves: sesi\u00f3n de \u201cLa Escuchadera\u201d, donde se compartir\u00e1 un podcast sobre temas de g\u00e9nero.<\/p>\n<p>Viernes: presentaci\u00f3n de documentales del ciclo \u201cCine y Mujer\u201d a cargo de otra colectiva xalape\u00f1a.<\/p>\n<p>Todas las actividades se realizar\u00e1n en el viaducto, en el mismo espacio del mural, a partir de las 22:00 horas, cuando el grupo contin\u00faa con su trabajo art\u00edstico nocturno.<\/p>\n<p>El mural \u201cXalape\u00f1as Hist\u00f3ricas\u201d aborda temas sociales y de derechos humanos que afectan especialmente a mujeres y ni\u00f1as. Entre ellos se encuentran:<\/p>\n<p>Madres buscadoras e infancias.<\/p>\n<p>Inclusi\u00f3n de ni\u00f1as en la toma de decisiones.<\/p>\n<p>Movilidad urbana y derecho al aborto.<\/p>\n<p>Diversidad corporal, mujeres migrantes y afrodescendientes.<\/p>\n<p>Comunidad LGBT y protesta social.<\/p>\n<p>\u201cLos ejes principales son Madres Buscadoras e Infancias, pero tambi\u00e9n hablamos de diversidad, justicia y libertad. El arte nos permite comunicarnos y conectar con todas las personas\u201d, detallaron las integrantes.<\/p>\n<p>Las creadoras destacaron la importancia del viaducto del Parque Ju\u00e1rez como un espacio accesible y simb\u00f3lico:<\/p>\n<p>\u201cNo es como un museo al que no todas las personas pueden entrar o pagar una entrada. El mural est\u00e1 ah\u00ed, a la vista de todas y todos, para que cada quien pueda interpretarlo y reflexionar sobre los temas que plantea\u201d.<\/p>\n<p>Asimismo, recordaron que desde la creaci\u00f3n del primer mural \u201cHist\u00f3ricas\u201d ese espacio se concibi\u00f3 como un lugar de denuncia y memoria feminista, por lo que han dejado zonas destinadas para la iconoclasia y expresi\u00f3n libre de las mujeres.<\/p>\n<p>\u201cDejamos espacios para que las chicas puedan hacer sus denuncias. Antes de iniciar este mural hicimos un registro de todo lo que hab\u00eda desde la \u00faltima marcha. Invitamos a otras colectivas a seguir documentando despu\u00e9s de cada movilizaci\u00f3n, para que esa informaci\u00f3n no se pierda\u201d, subrayaron.<\/p>\n<p>Por \u00faltimo se\u00f1alaron que con la inauguraci\u00f3n del mural \u201cXalape\u00f1as Hist\u00f3ricas\u201d, la colectiva Unidas busca reafirmar el arte urbano como un medio de expresi\u00f3n, memoria y resistencia, que contribuya a visibilizar las voces y luchas de las mujeres veracruzanas.<\/p>\n","protected":false},"excerpt":{"rendered":"<p>Dar\u00edo Pale Xalapa, Ver.- Inaugurar\u00e1n el mural \u201cXalape\u00f1as Hist\u00f3ricas\u201d este domingo en el Viaducto del Parque Ju\u00e1rez, habr\u00e1 actividades culturales, exposici\u00f3n de arte y homenaje a v\u00edctimas de feminicidio y personas desaparecidas Tras un mes de trabajo colectivo, el pr\u00f3ximo domingo 26 de octubre ser\u00e1 inaugurado el mural \u201cXalape\u00f1as Hist\u00f3ricas\u201d, en el viaducto del Parque [&hellip;]<\/p>\n","protected":false},"author":2476,"featured_media":72189,"comment_status":"open","ping_status":"open","sticky":false,"template":"","format":"standard","meta":{"_jetpack_memberships_contains_paid_content":false,"footnotes":""},"categories":[3],"tags":[],"class_list":["post-72188","post","type-post","status-publish","format-standard","has-post-thumbnail","hentry","category-xalapa"],"jetpack_featured_media_url":"https:\/\/encuentroinformativo.com.mx\/wp-content\/uploads\/2025\/10\/IMG-20251021-WA0220.jpg","jetpack_sharing_enabled":true,"jetpack_likes_enabled":true,"amp_enabled":true,"_links":{"self":[{"href":"https:\/\/encuentroinformativo.com.mx\/index.php?rest_route=\/wp\/v2\/posts\/72188","targetHints":{"allow":["GET"]}}],"collection":[{"href":"https:\/\/encuentroinformativo.com.mx\/index.php?rest_route=\/wp\/v2\/posts"}],"about":[{"href":"https:\/\/encuentroinformativo.com.mx\/index.php?rest_route=\/wp\/v2\/types\/post"}],"author":[{"embeddable":true,"href":"https:\/\/encuentroinformativo.com.mx\/index.php?rest_route=\/wp\/v2\/users\/2476"}],"replies":[{"embeddable":true,"href":"https:\/\/encuentroinformativo.com.mx\/index.php?rest_route=%2Fwp%2Fv2%2Fcomments&post=72188"}],"version-history":[{"count":1,"href":"https:\/\/encuentroinformativo.com.mx\/index.php?rest_route=\/wp\/v2\/posts\/72188\/revisions"}],"predecessor-version":[{"id":72190,"href":"https:\/\/encuentroinformativo.com.mx\/index.php?rest_route=\/wp\/v2\/posts\/72188\/revisions\/72190"}],"wp:featuredmedia":[{"embeddable":true,"href":"https:\/\/encuentroinformativo.com.mx\/index.php?rest_route=\/wp\/v2\/media\/72189"}],"wp:attachment":[{"href":"https:\/\/encuentroinformativo.com.mx\/index.php?rest_route=%2Fwp%2Fv2%2Fmedia&parent=72188"}],"wp:term":[{"taxonomy":"category","embeddable":true,"href":"https:\/\/encuentroinformativo.com.mx\/index.php?rest_route=%2Fwp%2Fv2%2Fcategories&post=72188"},{"taxonomy":"post_tag","embeddable":true,"href":"https:\/\/encuentroinformativo.com.mx\/index.php?rest_route=%2Fwp%2Fv2%2Ftags&post=72188"}],"curies":[{"name":"wp","href":"https:\/\/api.w.org\/{rel}","templated":true}]}}