{"id":7219,"date":"2020-10-22T15:37:45","date_gmt":"2020-10-22T20:37:45","guid":{"rendered":"https:\/\/encuentroinformativo.com.mx\/?p=7219"},"modified":"2020-10-22T15:37:48","modified_gmt":"2020-10-22T20:37:48","slug":"rechazan-vecinos-ciclovia-sobre-ruiz-cortines","status":"publish","type":"post","link":"https:\/\/encuentroinformativo.com.mx\/?p=7219","title":{"rendered":"Rechazan vecinos ciclov\u00eda sobre Ruiz Cortines"},"content":{"rendered":"\n<p><strong>Juan Arcos <\/strong><\/p>\n\n\n\n<p>Xalapa, Ver.- \u201cNo a la ciclov\u00eda\u201d, se lee en lonas blancas con letras negras que fueron colocadas sobre las fachadas de las casas en la avenida Adolfo Ruiz Cortines.<\/p>\n\n\n\n<p>Vecinos, usuarios y due\u00f1os de establecimientos han alzado la voz en contra del proyecto que inici\u00f3 el ayuntamiento de Xalapa.<\/p>\n\n\n\n<p>Los mensajes tambi\u00e9n se encuentran sobre las instalaciones de la Iniciativa Municipal de Arte y Cultura (IMAC), a la altura de la colonia Represa del Carmen.<\/p>\n\n\n\n<p>Los trabajos de topograf\u00eda, recorte de asfalto, nivelaci\u00f3n, as\u00ed como la recuperaci\u00f3n de jardineras, comenzaron desde el mi\u00e9rcoles 21 de octubre.<\/p>\n\n\n\n<p>El proyecto fue presentado por el alcalde Hip\u00f3lito Rodr\u00edguez Herrero desde junio de este a\u00f1o, donde se inform\u00f3 sobre una inversi\u00f3n de 14 millones de pesos.<\/p>\n\n\n\n<p>Los comerciantes de la zona consideran que podr\u00edan registrar bajas ventas y p\u00e9rdidas econ\u00f3micas por la adecuaci\u00f3n de la ciclov\u00eda en dicha avenida, una de las m\u00e1s importantes de la capital del estado.<\/p>\n\n\n\n<p>El proyecto contempla la conversi\u00f3n de un carril en un espacio exclusivo para la circulaci\u00f3n de ciclistas y que va desde la avenida Ruiz Cortines hasta la avenida Xalapa.<\/p>\n\n\n\n<p>La ciclov\u00eda tendr\u00e1 una distancia de 11 kil\u00f3metros sentido norte-sur y sur-norte, y conectar\u00e1 a la avenida Xalapa con la zona de Los Sauces.\u00a0<\/p>\n\n\n\n<p>Cabe recordar que la directora de Obras P\u00fablicas, Sulekey Citlalli Hern\u00e1ndez Garrido, revel\u00f3 que esta obra se llevar\u00e1 a cabo con recursos del Fondo de Aportaciones para el Fortalecimiento de los Municipios y de las Demarcaciones Territoriales del Distrito Federal (Fortamun-DF).<\/p>\n\n\n\n<p>La primera etapa contempla el tramo que va de la zona de la Secretar\u00eda de Finanzas y Planeaci\u00f3n (Sefiplan) hasta Acueducto, en ambos sentidos, lo que comprende de mil 800 a 2 mil metros cuadrados de carpeta asf\u00e1ltica.\u00a0<\/p>\n","protected":false},"excerpt":{"rendered":"<p>Juan Arcos Xalapa, Ver.- \u201cNo a la ciclov\u00eda\u201d, se lee en lonas blancas con letras negras que fueron colocadas sobre las fachadas de las casas en la avenida Adolfo Ruiz Cortines. Vecinos, usuarios y due\u00f1os de establecimientos han alzado la voz en contra del proyecto que inici\u00f3 el ayuntamiento de Xalapa. Los mensajes tambi\u00e9n se [&hellip;]<\/p>\n","protected":false},"author":1,"featured_media":7220,"comment_status":"open","ping_status":"open","sticky":false,"template":"","format":"standard","meta":{"_jetpack_memberships_contains_paid_content":false,"footnotes":""},"categories":[3],"tags":[],"class_list":["post-7219","post","type-post","status-publish","format-standard","has-post-thumbnail","hentry","category-xalapa"],"jetpack_featured_media_url":"https:\/\/encuentroinformativo.com.mx\/wp-content\/uploads\/2020\/10\/855F95C7-10EB-4047-9D0D-EA4BFE20AFB6.jpeg","jetpack_sharing_enabled":true,"jetpack_likes_enabled":true,"amp_enabled":true,"_links":{"self":[{"href":"https:\/\/encuentroinformativo.com.mx\/index.php?rest_route=\/wp\/v2\/posts\/7219","targetHints":{"allow":["GET"]}}],"collection":[{"href":"https:\/\/encuentroinformativo.com.mx\/index.php?rest_route=\/wp\/v2\/posts"}],"about":[{"href":"https:\/\/encuentroinformativo.com.mx\/index.php?rest_route=\/wp\/v2\/types\/post"}],"author":[{"embeddable":true,"href":"https:\/\/encuentroinformativo.com.mx\/index.php?rest_route=\/wp\/v2\/users\/1"}],"replies":[{"embeddable":true,"href":"https:\/\/encuentroinformativo.com.mx\/index.php?rest_route=%2Fwp%2Fv2%2Fcomments&post=7219"}],"version-history":[{"count":1,"href":"https:\/\/encuentroinformativo.com.mx\/index.php?rest_route=\/wp\/v2\/posts\/7219\/revisions"}],"predecessor-version":[{"id":7221,"href":"https:\/\/encuentroinformativo.com.mx\/index.php?rest_route=\/wp\/v2\/posts\/7219\/revisions\/7221"}],"wp:featuredmedia":[{"embeddable":true,"href":"https:\/\/encuentroinformativo.com.mx\/index.php?rest_route=\/wp\/v2\/media\/7220"}],"wp:attachment":[{"href":"https:\/\/encuentroinformativo.com.mx\/index.php?rest_route=%2Fwp%2Fv2%2Fmedia&parent=7219"}],"wp:term":[{"taxonomy":"category","embeddable":true,"href":"https:\/\/encuentroinformativo.com.mx\/index.php?rest_route=%2Fwp%2Fv2%2Fcategories&post=7219"},{"taxonomy":"post_tag","embeddable":true,"href":"https:\/\/encuentroinformativo.com.mx\/index.php?rest_route=%2Fwp%2Fv2%2Ftags&post=7219"}],"curies":[{"name":"wp","href":"https:\/\/api.w.org\/{rel}","templated":true}]}}