{"id":72191,"date":"2025-10-21T18:47:49","date_gmt":"2025-10-22T00:47:49","guid":{"rendered":"https:\/\/encuentroinformativo.com.mx\/?p=72191"},"modified":"2025-10-21T18:47:49","modified_gmt":"2025-10-22T00:47:49","slug":"camion-de-pasajeros-cae-en-socavon-recien-reparado-en-veracruz-puerto","status":"publish","type":"post","link":"https:\/\/encuentroinformativo.com.mx\/?p=72191","title":{"rendered":"Cami\u00f3n de pasajeros cae en socav\u00f3n reci\u00e9n reparado en Veracruz puerto"},"content":{"rendered":"<p><strong>Iv\u00e1n S\u00e1nchez<\/strong><\/p>\n<p>Veracruz, Ver.- Un cami\u00f3n de transporte p\u00fablico cay\u00f3 la tarde de este martes 21 de octubre en un socav\u00f3n ubicado sobre el bulevar \u00c1vila Camacho, en la ciudad y puerto de Veracruz.<\/p>\n<p>El veh\u00edculo afectado pertenece a la ruta Boca del R\u00edo y porta el n\u00famero econ\u00f3mico 1019 y de acuerdo con testigos, la parte trasera del cami\u00f3n se hundi\u00f3 repentinamente cuando el pavimento cedi\u00f3 a su paso, quedando la mitad de la unidad dentro del agujero.<\/p>\n<p>\u201cFue algo muy r\u00e1pido, el chofer ven\u00eda manejando muy tranquilo y de repente escuchamos el golpazo y rebote en el asiento y en el tubo\u201d, relat\u00f3 una mujer que viajaba en la unidad.<\/p>\n<p>El conductor explic\u00f3 que circulaba con normalidad cuando sinti\u00f3 un fuerte tir\u00f3n en la parte posterior, seguido de un estruendo que caus\u00f3 que varios pasajeros se golpearan dentro del cami\u00f3n.<\/p>\n<p>El tramo donde ocurri\u00f3 el incidente hab\u00eda sido reabierto a la circulaci\u00f3n ese mismo d\u00eda, luego de permanecer cerrado casi dos semanas por trabajos de reparaci\u00f3n realizados por el Grupo M\u00c1S, tras otro hundimiento previo.<\/p>\n<p><img loading=\"lazy\" decoding=\"async\" class=\"aligncenter size-medium wp-image-72193\" src=\"https:\/\/encuentroinformativo.com.mx\/wp-content\/uploads\/2025\/10\/IMG-20251021-WA0359-300x225.jpg\" alt=\"\" width=\"300\" height=\"225\" srcset=\"https:\/\/encuentroinformativo.com.mx\/wp-content\/uploads\/2025\/10\/IMG-20251021-WA0359-300x225.jpg 300w, https:\/\/encuentroinformativo.com.mx\/wp-content\/uploads\/2025\/10\/IMG-20251021-WA0359-1024x768.jpg 1024w, https:\/\/encuentroinformativo.com.mx\/wp-content\/uploads\/2025\/10\/IMG-20251021-WA0359-768x576.jpg 768w, https:\/\/encuentroinformativo.com.mx\/wp-content\/uploads\/2025\/10\/IMG-20251021-WA0359-1536x1152.jpg 1536w, https:\/\/encuentroinformativo.com.mx\/wp-content\/uploads\/2025\/10\/IMG-20251021-WA0359.jpg 1600w\" sizes=\"auto, (max-width: 300px) 100vw, 300px\" \/><\/p>\n","protected":false},"excerpt":{"rendered":"<p>Iv\u00e1n S\u00e1nchez Veracruz, Ver.- Un cami\u00f3n de transporte p\u00fablico cay\u00f3 la tarde de este martes 21 de octubre en un socav\u00f3n ubicado sobre el bulevar \u00c1vila Camacho, en la ciudad y puerto de Veracruz. El veh\u00edculo afectado pertenece a la ruta Boca del R\u00edo y porta el n\u00famero econ\u00f3mico 1019 y de acuerdo con testigos, [&hellip;]<\/p>\n","protected":false},"author":2476,"featured_media":72192,"comment_status":"open","ping_status":"open","sticky":false,"template":"","format":"standard","meta":{"_jetpack_memberships_contains_paid_content":false,"footnotes":""},"categories":[2],"tags":[],"class_list":["post-72191","post","type-post","status-publish","format-standard","has-post-thumbnail","hentry","category-estado"],"jetpack_featured_media_url":"https:\/\/encuentroinformativo.com.mx\/wp-content\/uploads\/2025\/10\/IMG-20251021-WA0358.jpg","jetpack_sharing_enabled":true,"jetpack_likes_enabled":true,"amp_enabled":true,"_links":{"self":[{"href":"https:\/\/encuentroinformativo.com.mx\/index.php?rest_route=\/wp\/v2\/posts\/72191","targetHints":{"allow":["GET"]}}],"collection":[{"href":"https:\/\/encuentroinformativo.com.mx\/index.php?rest_route=\/wp\/v2\/posts"}],"about":[{"href":"https:\/\/encuentroinformativo.com.mx\/index.php?rest_route=\/wp\/v2\/types\/post"}],"author":[{"embeddable":true,"href":"https:\/\/encuentroinformativo.com.mx\/index.php?rest_route=\/wp\/v2\/users\/2476"}],"replies":[{"embeddable":true,"href":"https:\/\/encuentroinformativo.com.mx\/index.php?rest_route=%2Fwp%2Fv2%2Fcomments&post=72191"}],"version-history":[{"count":1,"href":"https:\/\/encuentroinformativo.com.mx\/index.php?rest_route=\/wp\/v2\/posts\/72191\/revisions"}],"predecessor-version":[{"id":72194,"href":"https:\/\/encuentroinformativo.com.mx\/index.php?rest_route=\/wp\/v2\/posts\/72191\/revisions\/72194"}],"wp:featuredmedia":[{"embeddable":true,"href":"https:\/\/encuentroinformativo.com.mx\/index.php?rest_route=\/wp\/v2\/media\/72192"}],"wp:attachment":[{"href":"https:\/\/encuentroinformativo.com.mx\/index.php?rest_route=%2Fwp%2Fv2%2Fmedia&parent=72191"}],"wp:term":[{"taxonomy":"category","embeddable":true,"href":"https:\/\/encuentroinformativo.com.mx\/index.php?rest_route=%2Fwp%2Fv2%2Fcategories&post=72191"},{"taxonomy":"post_tag","embeddable":true,"href":"https:\/\/encuentroinformativo.com.mx\/index.php?rest_route=%2Fwp%2Fv2%2Ftags&post=72191"}],"curies":[{"name":"wp","href":"https:\/\/api.w.org\/{rel}","templated":true}]}}