{"id":72199,"date":"2025-10-22T10:48:23","date_gmt":"2025-10-22T16:48:23","guid":{"rendered":"https:\/\/encuentroinformativo.com.mx\/?p=72199"},"modified":"2025-10-22T10:48:23","modified_gmt":"2025-10-22T16:48:23","slug":"operativo-de-marina-y-fgr-en-corralon-del-coyol-moviliza-a-corporaciones-en-veracruz","status":"publish","type":"post","link":"https:\/\/encuentroinformativo.com.mx\/?p=72199","title":{"rendered":"Operativo de Marina y FGR en corral\u00f3n del Coyol moviliza a corporaciones en Veracruz"},"content":{"rendered":"<p>Veracruz, Ver.- La presencia de elementos de la Secretar\u00eda de Marina y de la Fiscal\u00eda General de la Rep\u00fablica (FGR) gener\u00f3 expectaci\u00f3n la ma\u00f1ana de este mi\u00e9rcoles, durante un operativo efectuado en un corral\u00f3n ubicado en las calles Azueta y Eje Uno, en la zona del Coyol.<\/p>\n<p>El despliegue provoc\u00f3 el cierre total de la circulaci\u00f3n vehicular en esa \u00e1rea, mientras que \u00fanicamente se permiti\u00f3 el paso de peatones por una de las banquetas, ante la fuerte presencia de fuerzas federales.<\/p>\n<p>Entre los grupos que participaron se encontraban agentes ministeriales y unidades K9, utilizadas para rastrear explosivos, narc\u00f3ticos o incluso restos humanos, aunque hasta el momento se desconoce el objetivo espec\u00edfico de la intervenci\u00f3n.<\/p>\n<p>Este mismo inmueble ya hab\u00eda sido revisado meses atr\u00e1s por autoridades federales y posteriormente qued\u00f3 bajo resguardo de la Secretar\u00eda de la Defensa Nacional durante m\u00e1s de seis semanas, sin que se informaran los resultados de aquella investigaci\u00f3n.<\/p>\n<p>Hasta ahora, las autoridades no han emitido comunicado alguno sobre el operativo ni sobre los posibles hallazgos dentro del corral\u00f3n inspeccionado.<\/p>\n","protected":false},"excerpt":{"rendered":"<p>Veracruz, Ver.- La presencia de elementos de la Secretar\u00eda de Marina y de la Fiscal\u00eda General de la Rep\u00fablica (FGR) gener\u00f3 expectaci\u00f3n la ma\u00f1ana de este mi\u00e9rcoles, durante un operativo efectuado en un corral\u00f3n ubicado en las calles Azueta y Eje Uno, en la zona del Coyol. El despliegue provoc\u00f3 el cierre total de la [&hellip;]<\/p>\n","protected":false},"author":2476,"featured_media":72201,"comment_status":"open","ping_status":"open","sticky":false,"template":"","format":"standard","meta":{"_jetpack_memberships_contains_paid_content":false,"footnotes":""},"categories":[2],"tags":[],"class_list":["post-72199","post","type-post","status-publish","format-standard","has-post-thumbnail","hentry","category-estado"],"jetpack_featured_media_url":"https:\/\/encuentroinformativo.com.mx\/wp-content\/uploads\/2025\/10\/IMG-20251022-WA0057.jpg","jetpack_sharing_enabled":true,"jetpack_likes_enabled":true,"amp_enabled":true,"_links":{"self":[{"href":"https:\/\/encuentroinformativo.com.mx\/index.php?rest_route=\/wp\/v2\/posts\/72199","targetHints":{"allow":["GET"]}}],"collection":[{"href":"https:\/\/encuentroinformativo.com.mx\/index.php?rest_route=\/wp\/v2\/posts"}],"about":[{"href":"https:\/\/encuentroinformativo.com.mx\/index.php?rest_route=\/wp\/v2\/types\/post"}],"author":[{"embeddable":true,"href":"https:\/\/encuentroinformativo.com.mx\/index.php?rest_route=\/wp\/v2\/users\/2476"}],"replies":[{"embeddable":true,"href":"https:\/\/encuentroinformativo.com.mx\/index.php?rest_route=%2Fwp%2Fv2%2Fcomments&post=72199"}],"version-history":[{"count":1,"href":"https:\/\/encuentroinformativo.com.mx\/index.php?rest_route=\/wp\/v2\/posts\/72199\/revisions"}],"predecessor-version":[{"id":72202,"href":"https:\/\/encuentroinformativo.com.mx\/index.php?rest_route=\/wp\/v2\/posts\/72199\/revisions\/72202"}],"wp:featuredmedia":[{"embeddable":true,"href":"https:\/\/encuentroinformativo.com.mx\/index.php?rest_route=\/wp\/v2\/media\/72201"}],"wp:attachment":[{"href":"https:\/\/encuentroinformativo.com.mx\/index.php?rest_route=%2Fwp%2Fv2%2Fmedia&parent=72199"}],"wp:term":[{"taxonomy":"category","embeddable":true,"href":"https:\/\/encuentroinformativo.com.mx\/index.php?rest_route=%2Fwp%2Fv2%2Fcategories&post=72199"},{"taxonomy":"post_tag","embeddable":true,"href":"https:\/\/encuentroinformativo.com.mx\/index.php?rest_route=%2Fwp%2Fv2%2Ftags&post=72199"}],"curies":[{"name":"wp","href":"https:\/\/api.w.org\/{rel}","templated":true}]}}