{"id":72210,"date":"2025-10-22T12:29:42","date_gmt":"2025-10-22T18:29:42","guid":{"rendered":"https:\/\/encuentroinformativo.com.mx\/?p=72210"},"modified":"2025-10-22T12:29:42","modified_gmt":"2025-10-22T18:29:42","slug":"alista-iglesia-preparativos-para-celebrar-a-san-rafael","status":"publish","type":"post","link":"https:\/\/encuentroinformativo.com.mx\/?p=72210","title":{"rendered":"Alista Iglesia preparativos para celebrar a San Rafael"},"content":{"rendered":"<p><strong>Dar\u00edo Pale<\/strong><\/p>\n<p>Xalapa, Ver.- Inician los preparativos para celebrar a San Rafael Gu\u00edzar y Valencia este 24 de octubre en la Catedral Metropolitana de Xalapa.<\/p>\n<p>Como cada a\u00f1o se espera el arribo de peregrinaciones de diferentes municipios al igual que de otros estados de la rep\u00fablica quienes a\u00f1o con a\u00f1o viajan para agradecer al santo por las bendiciones recibidas.<\/p>\n<p>Colocan vallas para el ingreso y salida de las personas que llegan a visitar la tumba de San Rafael Gu\u00edzar y Valencia y para demarcar el espacio para los vendedores ambulantes que se colocan en el exterior de la Catedral.<\/p>\n<p>El d\u00eda de San Rafael Gu\u00edzar y Valencia se celebra cada 24 de octubre. Esta es una fecha de gran importancia para la Iglesia Cat\u00f3lica en M\u00e9xico, especialmente en el estado de Veracruz, ya que San Rafael Gu\u00edzar fue el primer obispo mexicano en ser canonizado. Se le considera el patr\u00f3n de los obispos en nuestro pa\u00eds.<\/p>\n<p>Se destac\u00f3 por su gran amor y dedicaci\u00f3n a los m\u00e1s necesitados, raz\u00f3n por la cual es conocido como el &#8220;Obispo de los Pobres&#8221;.<\/p>\n<p>Su vida estuvo marcada por la humildad, la caridad y la entrega al servicio de los dem\u00e1s.<\/p>\n<p>Fue reconocido oficialmente como santo por el Papa Benedicto XVI en 2006, un hito hist\u00f3rico para la Iglesia en M\u00e9xico.<\/p>\n","protected":false},"excerpt":{"rendered":"<p>Dar\u00edo Pale Xalapa, Ver.- Inician los preparativos para celebrar a San Rafael Gu\u00edzar y Valencia este 24 de octubre en la Catedral Metropolitana de Xalapa. Como cada a\u00f1o se espera el arribo de peregrinaciones de diferentes municipios al igual que de otros estados de la rep\u00fablica quienes a\u00f1o con a\u00f1o viajan para agradecer al santo [&hellip;]<\/p>\n","protected":false},"author":2476,"featured_media":59948,"comment_status":"open","ping_status":"open","sticky":false,"template":"","format":"standard","meta":{"_jetpack_memberships_contains_paid_content":false,"footnotes":""},"categories":[3],"tags":[],"class_list":["post-72210","post","type-post","status-publish","format-standard","has-post-thumbnail","hentry","category-xalapa"],"jetpack_featured_media_url":"https:\/\/encuentroinformativo.com.mx\/wp-content\/uploads\/2024\/10\/IMG-20241024-WA0092.jpg","jetpack_sharing_enabled":true,"jetpack_likes_enabled":true,"amp_enabled":true,"_links":{"self":[{"href":"https:\/\/encuentroinformativo.com.mx\/index.php?rest_route=\/wp\/v2\/posts\/72210","targetHints":{"allow":["GET"]}}],"collection":[{"href":"https:\/\/encuentroinformativo.com.mx\/index.php?rest_route=\/wp\/v2\/posts"}],"about":[{"href":"https:\/\/encuentroinformativo.com.mx\/index.php?rest_route=\/wp\/v2\/types\/post"}],"author":[{"embeddable":true,"href":"https:\/\/encuentroinformativo.com.mx\/index.php?rest_route=\/wp\/v2\/users\/2476"}],"replies":[{"embeddable":true,"href":"https:\/\/encuentroinformativo.com.mx\/index.php?rest_route=%2Fwp%2Fv2%2Fcomments&post=72210"}],"version-history":[{"count":1,"href":"https:\/\/encuentroinformativo.com.mx\/index.php?rest_route=\/wp\/v2\/posts\/72210\/revisions"}],"predecessor-version":[{"id":72211,"href":"https:\/\/encuentroinformativo.com.mx\/index.php?rest_route=\/wp\/v2\/posts\/72210\/revisions\/72211"}],"wp:featuredmedia":[{"embeddable":true,"href":"https:\/\/encuentroinformativo.com.mx\/index.php?rest_route=\/wp\/v2\/media\/59948"}],"wp:attachment":[{"href":"https:\/\/encuentroinformativo.com.mx\/index.php?rest_route=%2Fwp%2Fv2%2Fmedia&parent=72210"}],"wp:term":[{"taxonomy":"category","embeddable":true,"href":"https:\/\/encuentroinformativo.com.mx\/index.php?rest_route=%2Fwp%2Fv2%2Fcategories&post=72210"},{"taxonomy":"post_tag","embeddable":true,"href":"https:\/\/encuentroinformativo.com.mx\/index.php?rest_route=%2Fwp%2Fv2%2Ftags&post=72210"}],"curies":[{"name":"wp","href":"https:\/\/api.w.org\/{rel}","templated":true}]}}