{"id":72217,"date":"2025-10-22T14:54:31","date_gmt":"2025-10-22T20:54:31","guid":{"rendered":"https:\/\/encuentroinformativo.com.mx\/?p=72217"},"modified":"2025-10-22T14:54:31","modified_gmt":"2025-10-22T20:54:31","slug":"esperan-amplia-derrama-economica-por-fiestas-de-guizar-y-valencia","status":"publish","type":"post","link":"https:\/\/encuentroinformativo.com.mx\/?p=72217","title":{"rendered":"Esperan amplia derrama econ\u00f3mica por fiestas de Gu\u00edzar y Valencia"},"content":{"rendered":"<p><strong>Dar\u00edo Pale<\/strong><\/p>\n<p>Xalapa, Ver.- El turismo religioso consolida a la capital veracruzana como uno de los principales destinos de fe en el pa\u00eds; autoridades alistan operativo especial de seguridad y movilidad<\/p>\n<p>La celebraci\u00f3n en honor a San Rafael Gu\u00edzar y Valencia, patrono de Xalapa y uno de los santos m\u00e1s venerados de M\u00e9xico, atraer\u00e1 este a\u00f1o una cifra hist\u00f3rica de visitantes. De acuerdo con las autoridades municipales, se prev\u00e9 una afluencia superior a 1 mill\u00f3n 150 mil personas, lo que generar\u00e1 una derrama econ\u00f3mica estimada en m\u00e1s de 50 millones de pesos tan solo en el rubro tur\u00edstico.<\/p>\n<p>Durante la presentaci\u00f3n de las proyecciones oficiales, se destac\u00f3 que el evento religioso, adem\u00e1s de su profundo significado espiritual, representa uno de los principales motores de turismo y actividad econ\u00f3mica para la capital veracruzana.<\/p>\n<p>\u201cRecordemos que es uno de los centros de fe m\u00e1s venerados en M\u00e9xico y tenemos la fortuna de tenerlo en Xalapa. Esto genera una derrama econ\u00f3mica muy fuerte, porque muchos de nuestros fieles permanecen en la ciudad y disfrutan todo lo que ofrece\u201d, se\u00f1al\u00f3 Josu\u00e9 V\u00e1zquez encargado del \u00e1rea de turismo municipal.<\/p>\n<p>El turismo religioso que arriba a Xalapa con motivo de las fiestas patronales proviene principalmente de la Ciudad de M\u00e9xico, Puebla, Quer\u00e9taro y Michoac\u00e1n, aunque tambi\u00e9n se espera la llegada de contingentes de otros estados del centro del pa\u00eds.<\/p>\n<p>\u201cMuchos peregrinos comenzaron a llegar desde hace una semana. Las peregrinaciones m\u00e1s grandes se esperan para el viernes, que ser\u00e1 el d\u00eda de mayor movimiento y de ocupaci\u00f3n hotelera\u201d, se inform\u00f3.<\/p>\n<p>Se prev\u00e9 que desde la noche del jueves hasta la ma\u00f1ana del s\u00e1bado se registre el punto m\u00e1s alto de visitantes, con hoteles y casas de hospedaje cercanos al centro hist\u00f3rico con ocupaci\u00f3n pr\u00e1cticamente total.<\/p>\n<p>Ante el importante flujo de feligreses, el gobierno del estado, el ayuntamiento y diversas dependencias federales han dise\u00f1ado un operativo conjunto de seguridad, protecci\u00f3n civil y movilidad para garantizar el orden durante los d\u00edas de mayor concentraci\u00f3n.<\/p>\n<p>\u201cEs un esfuerzo colegiado entre los tres niveles de gobierno. Participan Protecci\u00f3n Civil, Seguridad Ciudadana, Tr\u00e1nsito, personal m\u00e9dico y voluntarios. Es una log\u00edstica muy espec\u00edfica para proteger a quienes llegan a pie o en peregrinaciones\u201d, explicaron las autoridades.<\/p>\n<p>Se espera la llegada de grupos que ingresan a Xalapa caminando desde municipios cercanos, portando estandartes y ofrendas en honor a San Rafael Gu\u00edzar, cuyo cuerpo reposa en la Catedral Metropolitana.<\/p>\n<p>Adem\u00e1s del impacto religioso, las festividades de San Rafael representan una plataforma para promover la cultura, la gastronom\u00eda y la hospitalidad xalape\u00f1a. Restaurantes, comercios, hoteles y transportistas reportan una notable expectativa de actividad durante el fin de semana de celebraciones.<\/p>\n<p>Por su parte, el funcionario municipal destac\u00f3 que el Ayuntamiento mantiene su compromiso con la promoci\u00f3n cultural y el impulso al talento local, tras responder a inquietudes planteadas por representantes del sector art\u00edstico sobre algunos cobros municipales.<\/p>\n<p>\u201cXalapa es una ciudad creativa, reconocida por su talento musical y art\u00edstico. El ayuntamiento siempre ha estado a favor de brindar espacios dignos para que los creadores puedan presentarse. Cualquier tema administrativo se resolver\u00e1 dentro del marco correspondiente\u201d, apunt\u00f3.<\/p>\n<p>Las Fiestas de San Rafael Gu\u00edzar y Valencia no solo fortalecen la identidad espiritual de los xalape\u00f1os, sino que tambi\u00e9n consolidan a la ciudad como un referente nacional del turismo religioso, combinando tradici\u00f3n, cultura y desarrollo econ\u00f3mico.<\/p>\n<p>Con m\u00e1s de 1.1 millones de visitantes esperados y una derrama superior a los 50 millones de pesos, Xalapa se prepara para vivir una de las celebraciones religiosas m\u00e1s importantes de su historia reciente, en honor a su santo patrono San Rafael Gu\u00edzar y Valencia.<\/p>\n","protected":false},"excerpt":{"rendered":"<p>Dar\u00edo Pale Xalapa, Ver.- El turismo religioso consolida a la capital veracruzana como uno de los principales destinos de fe en el pa\u00eds; autoridades alistan operativo especial de seguridad y movilidad La celebraci\u00f3n en honor a San Rafael Gu\u00edzar y Valencia, patrono de Xalapa y uno de los santos m\u00e1s venerados de M\u00e9xico, atraer\u00e1 este [&hellip;]<\/p>\n","protected":false},"author":2476,"featured_media":72218,"comment_status":"open","ping_status":"open","sticky":false,"template":"","format":"standard","meta":{"_jetpack_memberships_contains_paid_content":false,"footnotes":""},"categories":[3],"tags":[],"class_list":["post-72217","post","type-post","status-publish","format-standard","has-post-thumbnail","hentry","category-xalapa"],"jetpack_featured_media_url":"https:\/\/encuentroinformativo.com.mx\/wp-content\/uploads\/2025\/10\/IMG-20251022-WA0305.jpg","jetpack_sharing_enabled":true,"jetpack_likes_enabled":true,"amp_enabled":true,"_links":{"self":[{"href":"https:\/\/encuentroinformativo.com.mx\/index.php?rest_route=\/wp\/v2\/posts\/72217","targetHints":{"allow":["GET"]}}],"collection":[{"href":"https:\/\/encuentroinformativo.com.mx\/index.php?rest_route=\/wp\/v2\/posts"}],"about":[{"href":"https:\/\/encuentroinformativo.com.mx\/index.php?rest_route=\/wp\/v2\/types\/post"}],"author":[{"embeddable":true,"href":"https:\/\/encuentroinformativo.com.mx\/index.php?rest_route=\/wp\/v2\/users\/2476"}],"replies":[{"embeddable":true,"href":"https:\/\/encuentroinformativo.com.mx\/index.php?rest_route=%2Fwp%2Fv2%2Fcomments&post=72217"}],"version-history":[{"count":1,"href":"https:\/\/encuentroinformativo.com.mx\/index.php?rest_route=\/wp\/v2\/posts\/72217\/revisions"}],"predecessor-version":[{"id":72219,"href":"https:\/\/encuentroinformativo.com.mx\/index.php?rest_route=\/wp\/v2\/posts\/72217\/revisions\/72219"}],"wp:featuredmedia":[{"embeddable":true,"href":"https:\/\/encuentroinformativo.com.mx\/index.php?rest_route=\/wp\/v2\/media\/72218"}],"wp:attachment":[{"href":"https:\/\/encuentroinformativo.com.mx\/index.php?rest_route=%2Fwp%2Fv2%2Fmedia&parent=72217"}],"wp:term":[{"taxonomy":"category","embeddable":true,"href":"https:\/\/encuentroinformativo.com.mx\/index.php?rest_route=%2Fwp%2Fv2%2Fcategories&post=72217"},{"taxonomy":"post_tag","embeddable":true,"href":"https:\/\/encuentroinformativo.com.mx\/index.php?rest_route=%2Fwp%2Fv2%2Ftags&post=72217"}],"curies":[{"name":"wp","href":"https:\/\/api.w.org\/{rel}","templated":true}]}}