{"id":72220,"date":"2025-10-22T15:03:22","date_gmt":"2025-10-22T21:03:22","guid":{"rendered":"https:\/\/encuentroinformativo.com.mx\/?p=72220"},"modified":"2025-10-22T15:03:22","modified_gmt":"2025-10-22T21:03:22","slug":"iniciaran-entrega-de-apoyos-para-damnificados-de-poza-rica-y-alamo-bienestar","status":"publish","type":"post","link":"https:\/\/encuentroinformativo.com.mx\/?p=72220","title":{"rendered":"Iniciar\u00e1n entrega de apoyos para damnificados de Poza Rica y \u00c1lamo: Bienestar"},"content":{"rendered":"<p><strong>Dar\u00edo Pale\u00a0<\/strong><\/p>\n<p>Xalapa, Ver.- Se distribuir\u00e1n recursos econ\u00f3micos, vales para despensa y programas de empleo temporal en las zonas afectadas<\/p>\n<p>La secretaria de Bienestar, Ariadna Montiel Reyes, inform\u00f3 que a partir de este mi\u00e9rcoles comenz\u00f3 la entrega de apoyos a las familias afectadas por las recientes lluvias e inundaciones en Veracruz. La jornada de atenci\u00f3n se extender\u00e1 hasta el pr\u00f3ximo domingo, con el objetivo de brindar una atenci\u00f3n ordenada y digna a los damnificados.<\/p>\n<p>Montiel explic\u00f3 que diariamente se convocar\u00e1n entre 3 mil 500 y 4 mil personas, quienes recibir\u00e1n un primer apoyo econ\u00f3mico de 20 mil pesos, adem\u00e1s de vales para despensa y enseres dom\u00e9sticos.<\/p>\n<p>Las despensas ser\u00e1n entregadas por la Secretar\u00eda de la Defensa Nacional (Sedena) a partir del jueves, una vez que las personas hayan cobrado su apoyo y validado su vale.<\/p>\n<p>\u201cEstamos dividiendo la entrega durante cinco d\u00edas para evitar aglomeraciones y poder atenderlos con respeto y eficiencia\u201d, se\u00f1al\u00f3 la titular de Bienestar.<\/p>\n<p>La funcionaria precis\u00f3 que este primer apoyo corresponde a la etapa de emergencia, mientras que en una segunda fase se destinar\u00e1n recursos para la rehabilitaci\u00f3n de viviendas, locales comerciales y cultivos.<\/p>\n<p>En el caso del campo, los productores recibir\u00e1n entre 50 mil y 100 mil pesos, dependiendo de la superficie da\u00f1ada, mientras que los peque\u00f1os comerciantes obtendr\u00e1n 50 mil pesos para reactivar sus negocios.<\/p>\n<p>Asimismo, Montiel anunci\u00f3 la apertura de programas de empleo temporal para apoyar la recuperaci\u00f3n econ\u00f3mica de la regi\u00f3n. Entre ellos, el programa \u201cJ\u00f3venes Construyendo el Futuro\u201d, dirigido a j\u00f3venes de 18 y 19 a\u00f1os que no estudian ni trabajan, quienes participar\u00e1n en labores de limpieza y recibir\u00e1n un apoyo mensual de 8 mil 500 pesos durante un a\u00f1o.<\/p>\n<p>De igual forma, se implementar\u00e1 el programa \u201cEmpleo Construyendo el Futuro\u201d, enfocado en las zonas rurales. En este caso, 50 mil personas colaborar\u00e1n en la apertura y rehabilitaci\u00f3n de caminos, recibiendo 8 mil 500 pesos mensuales durante cuatro meses, de noviembre a febrero.<\/p>\n<p>La secretaria exhort\u00f3 a la poblaci\u00f3n a mantener el orden durante las jornadas de entrega y acudir \u00fanicamente las personas que hayan recibido mensaje de confirmaci\u00f3n. Quienes a\u00fan no hayan sido censados o no hayan recibido notificaci\u00f3n podr\u00e1n acudir el domingo o presentarse en el m\u00f3dulo de recepci\u00f3n de incidencias, donde se registrar\u00e1n sus casos para una visita domiciliaria posterior.<\/p>\n<p>\u201cPedimos a la ciudadan\u00eda que acuda el d\u00eda que le corresponde. A quienes no fueron censados por razones de la contingencia, los atenderemos en el m\u00f3dulo y se programar\u00e1 una visita a su vivienda\u201d, puntualiz\u00f3 Montiel.<\/p>\n<p>Explic\u00f3 que el censo de damnificados ha concluido en Poza Rica y \u00c1lamo, mientras que en la regi\u00f3n de la Huasteca contin\u00faa debido a las dificultades de acceso por los caminos da\u00f1ados.<\/p>\n<p>Una vez restablecida la comunicaci\u00f3n terrestre, se emitir\u00e1n los pagos correspondientes para las familias de esa zona.<\/p>\n<p>Finalmente coment\u00f3 que con estas acciones, el Gobierno de M\u00e9xico busca apoyar a las familias afectadas, reconstruir viviendas y reactivar la econom\u00eda local, especialmente en las regiones m\u00e1s golpeadas por las recientes lluvias.<\/p>\n","protected":false},"excerpt":{"rendered":"<p>Dar\u00edo Pale\u00a0 Xalapa, Ver.- Se distribuir\u00e1n recursos econ\u00f3micos, vales para despensa y programas de empleo temporal en las zonas afectadas La secretaria de Bienestar, Ariadna Montiel Reyes, inform\u00f3 que a partir de este mi\u00e9rcoles comenz\u00f3 la entrega de apoyos a las familias afectadas por las recientes lluvias e inundaciones en Veracruz. La jornada de atenci\u00f3n [&hellip;]<\/p>\n","protected":false},"author":2476,"featured_media":72223,"comment_status":"open","ping_status":"open","sticky":false,"template":"","format":"standard","meta":{"_jetpack_memberships_contains_paid_content":false,"footnotes":""},"categories":[2],"tags":[],"class_list":["post-72220","post","type-post","status-publish","format-standard","has-post-thumbnail","hentry","category-estado"],"jetpack_featured_media_url":"https:\/\/encuentroinformativo.com.mx\/wp-content\/uploads\/2025\/10\/IMG-20251022-WA03152.jpg","jetpack_sharing_enabled":true,"jetpack_likes_enabled":true,"amp_enabled":true,"_links":{"self":[{"href":"https:\/\/encuentroinformativo.com.mx\/index.php?rest_route=\/wp\/v2\/posts\/72220","targetHints":{"allow":["GET"]}}],"collection":[{"href":"https:\/\/encuentroinformativo.com.mx\/index.php?rest_route=\/wp\/v2\/posts"}],"about":[{"href":"https:\/\/encuentroinformativo.com.mx\/index.php?rest_route=\/wp\/v2\/types\/post"}],"author":[{"embeddable":true,"href":"https:\/\/encuentroinformativo.com.mx\/index.php?rest_route=\/wp\/v2\/users\/2476"}],"replies":[{"embeddable":true,"href":"https:\/\/encuentroinformativo.com.mx\/index.php?rest_route=%2Fwp%2Fv2%2Fcomments&post=72220"}],"version-history":[{"count":1,"href":"https:\/\/encuentroinformativo.com.mx\/index.php?rest_route=\/wp\/v2\/posts\/72220\/revisions"}],"predecessor-version":[{"id":72224,"href":"https:\/\/encuentroinformativo.com.mx\/index.php?rest_route=\/wp\/v2\/posts\/72220\/revisions\/72224"}],"wp:featuredmedia":[{"embeddable":true,"href":"https:\/\/encuentroinformativo.com.mx\/index.php?rest_route=\/wp\/v2\/media\/72223"}],"wp:attachment":[{"href":"https:\/\/encuentroinformativo.com.mx\/index.php?rest_route=%2Fwp%2Fv2%2Fmedia&parent=72220"}],"wp:term":[{"taxonomy":"category","embeddable":true,"href":"https:\/\/encuentroinformativo.com.mx\/index.php?rest_route=%2Fwp%2Fv2%2Fcategories&post=72220"},{"taxonomy":"post_tag","embeddable":true,"href":"https:\/\/encuentroinformativo.com.mx\/index.php?rest_route=%2Fwp%2Fv2%2Ftags&post=72220"}],"curies":[{"name":"wp","href":"https:\/\/api.w.org\/{rel}","templated":true}]}}