{"id":72234,"date":"2025-10-22T16:21:38","date_gmt":"2025-10-22T22:21:38","guid":{"rendered":"https:\/\/encuentroinformativo.com.mx\/?p=72234"},"modified":"2025-10-22T16:25:25","modified_gmt":"2025-10-22T22:25:25","slug":"se-suma-transito-de-cardel-en-apoyo-a-municipios-de-la-zona-norte","status":"publish","type":"post","link":"https:\/\/encuentroinformativo.com.mx\/?p=72234","title":{"rendered":"Se suma Tr\u00e1nsito de Cardel en apoyo a municipios de la zona norte"},"content":{"rendered":"<p><strong>Elisa Aburto<\/strong><\/p>\n<p>Cd. Cardel, La Antigua, Ver.- Tras el centro de acopio instalado en las oficinas de la delegaci\u00f3n de Tr\u00e1nsito en Cardel -en d\u00edas recientes-, personal se traslad\u00f3 a la zona norte del Estado para hacer entrega de los v\u00edveres donados por la sociedad civil.<\/p>\n<p>As\u00ed lo dio a conocer personal de guardia que labora en la delegaci\u00f3n, quienes informaron que el delegado Carlos V\u00e1zquez Sayago acompa\u00f1ado de otros integrantes de dichas oficinas permanecen en la zona norte para apoyar a las familias damnificadas a consecuencia de las lluvias e inundaciones de esa regi\u00f3n.<\/p>\n<p>&#8220;La respuesta fue favorable con el centro de acopio, los compa\u00f1eros que est\u00e1n en la zona llevaron un buen cargamento y seguramente deber\u00e1n hacer otro m\u00e1s, porque hay m\u00e1s v\u00edveres&#8221;, se\u00f1al\u00f3 el elemento.<\/p>\n<p>Cabe recordar que ante las afectaciones que se han registrado en municipios como Poza Rica, Tuxpan, Cazones, entre otros, la delegaci\u00f3n de Tr\u00e1nsito y Seguridad Vial en Cardel se sum\u00f3 con la instalaci\u00f3n de un centro de acopio para llevar ayuda a las familias de la zona norte del Estado.<\/p>\n","protected":false},"excerpt":{"rendered":"<p>Elisa Aburto Cd. Cardel, La Antigua, Ver.- Tras el centro de acopio instalado en las oficinas de la delegaci\u00f3n de Tr\u00e1nsito en Cardel -en d\u00edas recientes-, personal se traslad\u00f3 a la zona norte del Estado para hacer entrega de los v\u00edveres donados por la sociedad civil. As\u00ed lo dio a conocer personal de guardia que [&hellip;]<\/p>\n","protected":false},"author":2476,"featured_media":72200,"comment_status":"open","ping_status":"open","sticky":false,"template":"","format":"standard","meta":{"_jetpack_memberships_contains_paid_content":false,"footnotes":""},"categories":[8],"tags":[],"class_list":["post-72234","post","type-post","status-publish","format-standard","has-post-thumbnail","hentry","category-region"],"jetpack_featured_media_url":"https:\/\/encuentroinformativo.com.mx\/wp-content\/uploads\/2025\/10\/IMG_20251021_201006_1300_x_1080_pixel.jpg","jetpack_sharing_enabled":true,"jetpack_likes_enabled":true,"amp_enabled":true,"_links":{"self":[{"href":"https:\/\/encuentroinformativo.com.mx\/index.php?rest_route=\/wp\/v2\/posts\/72234","targetHints":{"allow":["GET"]}}],"collection":[{"href":"https:\/\/encuentroinformativo.com.mx\/index.php?rest_route=\/wp\/v2\/posts"}],"about":[{"href":"https:\/\/encuentroinformativo.com.mx\/index.php?rest_route=\/wp\/v2\/types\/post"}],"author":[{"embeddable":true,"href":"https:\/\/encuentroinformativo.com.mx\/index.php?rest_route=\/wp\/v2\/users\/2476"}],"replies":[{"embeddable":true,"href":"https:\/\/encuentroinformativo.com.mx\/index.php?rest_route=%2Fwp%2Fv2%2Fcomments&post=72234"}],"version-history":[{"count":2,"href":"https:\/\/encuentroinformativo.com.mx\/index.php?rest_route=\/wp\/v2\/posts\/72234\/revisions"}],"predecessor-version":[{"id":72236,"href":"https:\/\/encuentroinformativo.com.mx\/index.php?rest_route=\/wp\/v2\/posts\/72234\/revisions\/72236"}],"wp:featuredmedia":[{"embeddable":true,"href":"https:\/\/encuentroinformativo.com.mx\/index.php?rest_route=\/wp\/v2\/media\/72200"}],"wp:attachment":[{"href":"https:\/\/encuentroinformativo.com.mx\/index.php?rest_route=%2Fwp%2Fv2%2Fmedia&parent=72234"}],"wp:term":[{"taxonomy":"category","embeddable":true,"href":"https:\/\/encuentroinformativo.com.mx\/index.php?rest_route=%2Fwp%2Fv2%2Fcategories&post=72234"},{"taxonomy":"post_tag","embeddable":true,"href":"https:\/\/encuentroinformativo.com.mx\/index.php?rest_route=%2Fwp%2Fv2%2Ftags&post=72234"}],"curies":[{"name":"wp","href":"https:\/\/api.w.org\/{rel}","templated":true}]}}