{"id":72250,"date":"2025-10-23T11:28:43","date_gmt":"2025-10-23T17:28:43","guid":{"rendered":"https:\/\/encuentroinformativo.com.mx\/?p=72250"},"modified":"2025-10-23T11:28:43","modified_gmt":"2025-10-23T17:28:43","slug":"espera-canaco-repunte-del-30-en-ventas-por-dia-de-muertos","status":"publish","type":"post","link":"https:\/\/encuentroinformativo.com.mx\/?p=72250","title":{"rendered":"Espera CANACO repunte del 30% en ventas por D\u00eda de Muertos"},"content":{"rendered":"<p><strong>Dar\u00edo Pale<\/strong><\/p>\n<p>Xalapa, Ver.- El presidente de la C\u00e1mara Nacional de Comercio, Servicios y Turismo (Canaco-Servytur) en Xalapa, Luis Francisco Llera Hern\u00e1ndez, inform\u00f3 que los comercios de la capital veracruzana ya registran un aumento paulatino en sus ventas con motivo de la temporada de D\u00eda de Muertos, una de las fechas m\u00e1s importantes tanto por su valor cultural como por su impacto econ\u00f3mico.<\/p>\n<p>El dirigente explic\u00f3 que la venta es escalonada, pues los establecimientos comenzaron desde esta semana con la promoci\u00f3n y exhibici\u00f3n de productos alusivos a la festividad.<\/p>\n<p>Sin embargo, ser\u00e1 a partir del pr\u00f3ximo s\u00e1bado cuando se espera el mayor dinamismo comercial, con un repunte estimado de entre 15 y 30 por ciento, dependiendo del giro de cada negocio.<\/p>\n<p>Detall\u00f3 que los d\u00edas 1 y 2 de noviembre, al ser festivos y de descanso laboral, representan los de mayor movimiento econ\u00f3mico, principalmente por la compra de flores, alimentos y productos de \u00faltima hora utilizados en las ofrendas o durante las visitas a los panteones.<\/p>\n<p>Entre los giros m\u00e1s beneficiados se encuentran las panader\u00edas, tiendas de abarrotes, florer\u00edas, papeler\u00edas, tiendas de conveniencia y restaurantes, los cuales concentran buena parte de las ventas en esta temporada.<\/p>\n<p>Llera Hern\u00e1ndez destac\u00f3 que el D\u00eda de Muertos no solo es una tradici\u00f3n profundamente arraigada, sino tambi\u00e9n una oportunidad para fortalecer la econom\u00eda local. Por ello, hizo un llamado a la ciudadan\u00eda a realizar un consumo responsable y a preferir los comercios formalmente establecidos, que son parte esencial del tejido econ\u00f3mico y social de la ciudad.<\/p>\n<p>Finalmente dio a conocer que, \u201cel D\u00eda de Muertos es un momento especial de nuestro territorio; celebrarlo tambi\u00e9n significa apoyar a quienes d\u00eda con d\u00eda trabajan en la econom\u00eda formal de Xalapa\u201d.<\/p>\n","protected":false},"excerpt":{"rendered":"<p>Dar\u00edo Pale Xalapa, Ver.- El presidente de la C\u00e1mara Nacional de Comercio, Servicios y Turismo (Canaco-Servytur) en Xalapa, Luis Francisco Llera Hern\u00e1ndez, inform\u00f3 que los comercios de la capital veracruzana ya registran un aumento paulatino en sus ventas con motivo de la temporada de D\u00eda de Muertos, una de las fechas m\u00e1s importantes tanto por [&hellip;]<\/p>\n","protected":false},"author":2476,"featured_media":72251,"comment_status":"open","ping_status":"open","sticky":false,"template":"","format":"standard","meta":{"_jetpack_memberships_contains_paid_content":false,"footnotes":""},"categories":[3],"tags":[],"class_list":["post-72250","post","type-post","status-publish","format-standard","has-post-thumbnail","hentry","category-xalapa"],"jetpack_featured_media_url":"https:\/\/encuentroinformativo.com.mx\/wp-content\/uploads\/2025\/10\/IMG-20251023-WA0100.jpg","jetpack_sharing_enabled":true,"jetpack_likes_enabled":true,"amp_enabled":true,"_links":{"self":[{"href":"https:\/\/encuentroinformativo.com.mx\/index.php?rest_route=\/wp\/v2\/posts\/72250","targetHints":{"allow":["GET"]}}],"collection":[{"href":"https:\/\/encuentroinformativo.com.mx\/index.php?rest_route=\/wp\/v2\/posts"}],"about":[{"href":"https:\/\/encuentroinformativo.com.mx\/index.php?rest_route=\/wp\/v2\/types\/post"}],"author":[{"embeddable":true,"href":"https:\/\/encuentroinformativo.com.mx\/index.php?rest_route=\/wp\/v2\/users\/2476"}],"replies":[{"embeddable":true,"href":"https:\/\/encuentroinformativo.com.mx\/index.php?rest_route=%2Fwp%2Fv2%2Fcomments&post=72250"}],"version-history":[{"count":1,"href":"https:\/\/encuentroinformativo.com.mx\/index.php?rest_route=\/wp\/v2\/posts\/72250\/revisions"}],"predecessor-version":[{"id":72252,"href":"https:\/\/encuentroinformativo.com.mx\/index.php?rest_route=\/wp\/v2\/posts\/72250\/revisions\/72252"}],"wp:featuredmedia":[{"embeddable":true,"href":"https:\/\/encuentroinformativo.com.mx\/index.php?rest_route=\/wp\/v2\/media\/72251"}],"wp:attachment":[{"href":"https:\/\/encuentroinformativo.com.mx\/index.php?rest_route=%2Fwp%2Fv2%2Fmedia&parent=72250"}],"wp:term":[{"taxonomy":"category","embeddable":true,"href":"https:\/\/encuentroinformativo.com.mx\/index.php?rest_route=%2Fwp%2Fv2%2Fcategories&post=72250"},{"taxonomy":"post_tag","embeddable":true,"href":"https:\/\/encuentroinformativo.com.mx\/index.php?rest_route=%2Fwp%2Fv2%2Ftags&post=72250"}],"curies":[{"name":"wp","href":"https:\/\/api.w.org\/{rel}","templated":true}]}}