{"id":72253,"date":"2025-10-23T11:49:13","date_gmt":"2025-10-23T17:49:13","guid":{"rendered":"https:\/\/encuentroinformativo.com.mx\/?p=72253"},"modified":"2025-10-23T11:49:13","modified_gmt":"2025-10-23T17:49:13","slug":"autoridades-exhortan-a-tomar-precauciones-con-la-colocacion-de-altares","status":"publish","type":"post","link":"https:\/\/encuentroinformativo.com.mx\/?p=72253","title":{"rendered":"Autoridades exhortan a tomar precauciones con la colocaci\u00f3n de altares"},"content":{"rendered":"<p><strong>Dar\u00edo Pale<\/strong><\/p>\n<p>Xalapa, Ver.- Piden extremar precauciones con el uso de veladoras y disfrutar en familia los eventos culturales organizados por el Ayuntamiento.<\/p>\n<p>Ante la cercan\u00eda de las celebraciones de D\u00eda de Muertos, el regidor quinto del Ayuntamiento de Xalapa, Diego Florescano P\u00e9rez, exhort\u00f3 a la poblaci\u00f3n a mantener vivas las tradiciones, pero con responsabilidad y medidas preventivas, especialmente al utilizar veladoras en los altares y ofrendas.<\/p>\n<p>El edil record\u00f3 que en estas fechas muchas familias colocan altares para honrar a sus fieles difuntos, y en ellos suelen incluir elementos que representan riesgo de incendio, como veladoras de cera, aceite o incluso, en algunas comunidades ind\u00edgenas, de di\u00e9sel o petr\u00f3leo.<\/p>\n<p>\u201cLas recomendaciones son que siempre est\u00e9n al tanto, que no las dejen encendidas durante la noche o cuando no haya nadie en casa, pues son propicias para ocasionar accidentes\u201d, se\u00f1al\u00f3.<\/p>\n<p>Florescano destac\u00f3 que cada a\u00f1o los cuerpos de emergencia, como el Heroico Cuerpo de Bomberos, atienden reportes relacionados con incendios provocados por descuidos en el uso de velas o veladoras, los cuales pueden derivar en p\u00e9rdidas materiales e incluso humanas.<\/p>\n<p>\u201cPedimos a la poblaci\u00f3n que nos apoye sin perder sus tradiciones, pero que sean cuidadosos. Si van a dormir o a salir de casa, apaguen las veladoras y solo las mantengan encendidas cuando est\u00e9n presentes y vigilando\u201d, agreg\u00f3.<\/p>\n<p>Asimismo, hizo hincapi\u00e9 en la importancia de reforzar las medidas de seguridad en hogares donde hay ni\u00f1os peque\u00f1os, evitando que manipulen fuego o se acerquen a las ofrendas encendidas.<\/p>\n<p>El regidor aprovech\u00f3 para invitar a las familias xalape\u00f1as a disfrutar de las festividades con uni\u00f3n y responsabilidad, recordando que el Ayuntamiento mantiene abiertas sus l\u00edneas de atenci\u00f3n y auxilio las 24 horas para cualquier emergencia que pudiera presentarse.<\/p>\n<p>Anunci\u00f3 que como parte de la programaci\u00f3n cultural de estas fechas, se llevar\u00e1 a cabo la \u201cFeria del Tamal, Pan y Chocolate\u201d, del 31 de octubre al 2 de noviembre en el Parque Ju\u00e1rez, con horario de 9:00 de la ma\u00f1ana a 9:00 de la noche.<\/p>\n<p>Finalmente dio a conocer que, \u201cqueremos que las familias disfruten estas celebraciones en un ambiente seguro y de sana convivencia. Que pasen unas felices fiestas sin p\u00e9rdidas materiales ni humanas que lamentar\u201d.<\/p>\n","protected":false},"excerpt":{"rendered":"<p>Dar\u00edo Pale Xalapa, Ver.- Piden extremar precauciones con el uso de veladoras y disfrutar en familia los eventos culturales organizados por el Ayuntamiento. Ante la cercan\u00eda de las celebraciones de D\u00eda de Muertos, el regidor quinto del Ayuntamiento de Xalapa, Diego Florescano P\u00e9rez, exhort\u00f3 a la poblaci\u00f3n a mantener vivas las tradiciones, pero con responsabilidad [&hellip;]<\/p>\n","protected":false},"author":2476,"featured_media":7539,"comment_status":"open","ping_status":"open","sticky":false,"template":"","format":"standard","meta":{"_jetpack_memberships_contains_paid_content":false,"footnotes":""},"categories":[3],"tags":[],"class_list":["post-72253","post","type-post","status-publish","format-standard","has-post-thumbnail","hentry","category-xalapa"],"jetpack_featured_media_url":"https:\/\/encuentroinformativo.com.mx\/wp-content\/uploads\/2020\/10\/1F25BC1D-8B2A-4F6C-8879-2646573C766B.jpeg","jetpack_sharing_enabled":true,"jetpack_likes_enabled":true,"amp_enabled":true,"_links":{"self":[{"href":"https:\/\/encuentroinformativo.com.mx\/index.php?rest_route=\/wp\/v2\/posts\/72253","targetHints":{"allow":["GET"]}}],"collection":[{"href":"https:\/\/encuentroinformativo.com.mx\/index.php?rest_route=\/wp\/v2\/posts"}],"about":[{"href":"https:\/\/encuentroinformativo.com.mx\/index.php?rest_route=\/wp\/v2\/types\/post"}],"author":[{"embeddable":true,"href":"https:\/\/encuentroinformativo.com.mx\/index.php?rest_route=\/wp\/v2\/users\/2476"}],"replies":[{"embeddable":true,"href":"https:\/\/encuentroinformativo.com.mx\/index.php?rest_route=%2Fwp%2Fv2%2Fcomments&post=72253"}],"version-history":[{"count":1,"href":"https:\/\/encuentroinformativo.com.mx\/index.php?rest_route=\/wp\/v2\/posts\/72253\/revisions"}],"predecessor-version":[{"id":72254,"href":"https:\/\/encuentroinformativo.com.mx\/index.php?rest_route=\/wp\/v2\/posts\/72253\/revisions\/72254"}],"wp:featuredmedia":[{"embeddable":true,"href":"https:\/\/encuentroinformativo.com.mx\/index.php?rest_route=\/wp\/v2\/media\/7539"}],"wp:attachment":[{"href":"https:\/\/encuentroinformativo.com.mx\/index.php?rest_route=%2Fwp%2Fv2%2Fmedia&parent=72253"}],"wp:term":[{"taxonomy":"category","embeddable":true,"href":"https:\/\/encuentroinformativo.com.mx\/index.php?rest_route=%2Fwp%2Fv2%2Fcategories&post=72253"},{"taxonomy":"post_tag","embeddable":true,"href":"https:\/\/encuentroinformativo.com.mx\/index.php?rest_route=%2Fwp%2Fv2%2Ftags&post=72253"}],"curies":[{"name":"wp","href":"https:\/\/api.w.org\/{rel}","templated":true}]}}