{"id":72255,"date":"2025-10-23T12:50:10","date_gmt":"2025-10-23T18:50:10","guid":{"rendered":"https:\/\/encuentroinformativo.com.mx\/?p=72255"},"modified":"2025-10-23T12:50:10","modified_gmt":"2025-10-23T18:50:10","slug":"hombre-perdio-la-vida-en-calles-de-el-olmo","status":"publish","type":"post","link":"https:\/\/encuentroinformativo.com.mx\/?p=72255","title":{"rendered":"Hombre perdi\u00f3 la vida en calles de El Olmo"},"content":{"rendered":"<p>Dar\u00edo Pale<\/p>\n<p>Xalapa, Ver.- Un hombre de aproximadamente 66 a\u00f1os de edad perdi\u00f3 la vida la ma\u00f1ana de este jueves 23 de octubre, presuntamente a causa de un infarto al coraz\u00f3n, mientras caminaba por calles de la colonia El Olmo, en la capital veracruzana.<\/p>\n<p>De acuerdo con los primeros reportes, el hecho ocurri\u00f3 alrededor de las 07:50 horas, cuando el hombre caminaba sobre la avenida El Olmo, entre las calles Encino y 16 de Septiembre, a escasos metros de la iglesia San Isidro Labrador. Testigos indicaron que el ciudadano comenz\u00f3 a sentirse mal y se desplom\u00f3 en la v\u00eda p\u00fablica.<\/p>\n<p>Vecinos del lugar solicitaron de inmediato el apoyo de los servicios de emergencia, pero cuando los param\u00e9dicos arribaron, cerca de las 08:20 horas, confirmaron que el hombre ya no contaba con signos vitales.<\/p>\n<p>Al sitio acudieron tambi\u00e9n elementos de la Polic\u00eda Municipal, quienes acordonaron la zona para facilitar las labores de las autoridades ministeriales. M\u00e1s tarde, personal del Servicio M\u00e9dico Forense (Semefo) realiz\u00f3 el levantamiento del cuerpo, el cual fue trasladado para la necropsia correspondiente que determinar\u00e1 con precisi\u00f3n la causa del fallecimiento.<\/p>\n<p>Durante varios minutos, la circulaci\u00f3n sobre la avenida El Olmo permaneci\u00f3 cerrada entre las calles Encino y 16 de Septiembre, mientras se llevaban a cabo las diligencias periciales.<\/p>\n<p>Hasta el momento, el hombre no ha sido identificado oficialmente.<\/p>\n<p><img loading=\"lazy\" decoding=\"async\" class=\"aligncenter size-medium wp-image-72257\" src=\"https:\/\/encuentroinformativo.com.mx\/wp-content\/uploads\/2025\/10\/IMG-20251023-WA0148-300x135.jpg\" alt=\"\" width=\"300\" height=\"135\" srcset=\"https:\/\/encuentroinformativo.com.mx\/wp-content\/uploads\/2025\/10\/IMG-20251023-WA0148-300x135.jpg 300w, https:\/\/encuentroinformativo.com.mx\/wp-content\/uploads\/2025\/10\/IMG-20251023-WA0148-1024x461.jpg 1024w, https:\/\/encuentroinformativo.com.mx\/wp-content\/uploads\/2025\/10\/IMG-20251023-WA0148-768x346.jpg 768w, https:\/\/encuentroinformativo.com.mx\/wp-content\/uploads\/2025\/10\/IMG-20251023-WA0148.jpg 1280w\" sizes=\"auto, (max-width: 300px) 100vw, 300px\" \/><\/p>\n","protected":false},"excerpt":{"rendered":"<p>Dar\u00edo Pale Xalapa, Ver.- Un hombre de aproximadamente 66 a\u00f1os de edad perdi\u00f3 la vida la ma\u00f1ana de este jueves 23 de octubre, presuntamente a causa de un infarto al coraz\u00f3n, mientras caminaba por calles de la colonia El Olmo, en la capital veracruzana. De acuerdo con los primeros reportes, el hecho ocurri\u00f3 alrededor de [&hellip;]<\/p>\n","protected":false},"author":2476,"featured_media":72256,"comment_status":"open","ping_status":"open","sticky":false,"template":"","format":"standard","meta":{"_jetpack_memberships_contains_paid_content":false,"footnotes":""},"categories":[14],"tags":[],"class_list":["post-72255","post","type-post","status-publish","format-standard","has-post-thumbnail","hentry","category-policiaca"],"jetpack_featured_media_url":"https:\/\/encuentroinformativo.com.mx\/wp-content\/uploads\/2025\/10\/IMG-20251023-WA0145.jpg","jetpack_sharing_enabled":true,"jetpack_likes_enabled":true,"amp_enabled":true,"_links":{"self":[{"href":"https:\/\/encuentroinformativo.com.mx\/index.php?rest_route=\/wp\/v2\/posts\/72255","targetHints":{"allow":["GET"]}}],"collection":[{"href":"https:\/\/encuentroinformativo.com.mx\/index.php?rest_route=\/wp\/v2\/posts"}],"about":[{"href":"https:\/\/encuentroinformativo.com.mx\/index.php?rest_route=\/wp\/v2\/types\/post"}],"author":[{"embeddable":true,"href":"https:\/\/encuentroinformativo.com.mx\/index.php?rest_route=\/wp\/v2\/users\/2476"}],"replies":[{"embeddable":true,"href":"https:\/\/encuentroinformativo.com.mx\/index.php?rest_route=%2Fwp%2Fv2%2Fcomments&post=72255"}],"version-history":[{"count":1,"href":"https:\/\/encuentroinformativo.com.mx\/index.php?rest_route=\/wp\/v2\/posts\/72255\/revisions"}],"predecessor-version":[{"id":72258,"href":"https:\/\/encuentroinformativo.com.mx\/index.php?rest_route=\/wp\/v2\/posts\/72255\/revisions\/72258"}],"wp:featuredmedia":[{"embeddable":true,"href":"https:\/\/encuentroinformativo.com.mx\/index.php?rest_route=\/wp\/v2\/media\/72256"}],"wp:attachment":[{"href":"https:\/\/encuentroinformativo.com.mx\/index.php?rest_route=%2Fwp%2Fv2%2Fmedia&parent=72255"}],"wp:term":[{"taxonomy":"category","embeddable":true,"href":"https:\/\/encuentroinformativo.com.mx\/index.php?rest_route=%2Fwp%2Fv2%2Fcategories&post=72255"},{"taxonomy":"post_tag","embeddable":true,"href":"https:\/\/encuentroinformativo.com.mx\/index.php?rest_route=%2Fwp%2Fv2%2Ftags&post=72255"}],"curies":[{"name":"wp","href":"https:\/\/api.w.org\/{rel}","templated":true}]}}