{"id":72264,"date":"2025-10-23T14:37:26","date_gmt":"2025-10-23T20:37:26","guid":{"rendered":"https:\/\/encuentroinformativo.com.mx\/?p=72264"},"modified":"2025-10-23T14:37:26","modified_gmt":"2025-10-23T20:37:26","slug":"invitan-a-performance-el-arlequin-testarudo-en-xallitic","status":"publish","type":"post","link":"https:\/\/encuentroinformativo.com.mx\/?p=72264","title":{"rendered":"Invitan a performance &#8220;El Arlequ\u00edn Testarudo&#8221; en Xallitic"},"content":{"rendered":"<p><strong>Dar\u00edo Pale<\/strong><\/p>\n<p>Xalapa, Ver.- Yuyi Pozos presentar\u00e1 el performance \u201cEl Arlequ\u00edn Testarudo\u201d bajo el Puente de Xallitic, en Xalapa.<\/p>\n<p>La actriz y narradora oral reflexiona sobre la muerte, la desaparici\u00f3n y la esperanza en el marco de la Noche de Catrinas.<\/p>\n<p>La actriz, narradora oral y clown Yuyi Pozos anunci\u00f3 la presentaci\u00f3n de su espect\u00e1culo \u201cEl Arlequ\u00edn Testarudo\u201d, un performance que mezcla arte, reflexi\u00f3n y sensibilidad social, el pr\u00f3ximo s\u00e1bado 25 de octubre a las 19:30 horas, en los bajos del Puente de Xallitic, como parte de las actividades de la Noche de Catrinas Xallitic.<\/p>\n<p>En entrevista, la artista explic\u00f3 que esta puesta en escena busca explorar el significado de la muerte desde diversas perspectivas, con un enfoque tanto art\u00edstico como humano. A trav\u00e9s del relato y la interacci\u00f3n con el p\u00fablico, Pozos plantea preguntas como: \u201c\u00bfY a ti qu\u00e9 te parece la muerte?\u201d o \u201c\u00bfQu\u00e9 significa para ti morir?\u201d.<\/p>\n<p>Durante la presentaci\u00f3n, se har\u00e1 referencia a figuras ic\u00f3nicas como Jos\u00e9 Guadalupe Posada y Diego Rivera, as\u00ed como a las Madres Buscadoras, incorporando una dimensi\u00f3n social al espect\u00e1culo.<\/p>\n<p>\u201cEs un tema muy delicado, pero tenemos que mencionarlo. En mi compa\u00f1\u00eda hay una mujer joven, y nos duele la p\u00e9rdida de tantas chicas y chicos desaparecidos. No solo son mujeres, tambi\u00e9n hay hombres j\u00f3venes que ya no regresan. Lo mencionamos desde la legitimidad del dolor\u201d, expres\u00f3 la actriz.<\/p>\n<p>El performance incluye tambi\u00e9n un cierre musical con la interpretaci\u00f3n del tema \u201cVale la pena vivir\u201d, de Natalia Lafourcade, que -seg\u00fan explic\u00f3 Pozos- tiene un profundo simbolismo frente a los casos de personas que han decidido quitarse la vida.<\/p>\n<p>\u201cHay quienes mueren por enfermedad, por accidente o por edad, pero lo m\u00e1s triste es cuando alguien te quita la vida. Muchas j\u00f3venes desaparecen buscando trabajo, amor o una oportunidad, y nunca se les vuelve a encontrar. Es algo que no podemos callar\u201d, enfatiz\u00f3.<\/p>\n<p>La artista tambi\u00e9n reflexion\u00f3 sobre la crisis emocional y social que atraviesan muchos j\u00f3venes, algunos de los cuales han tomado la decisi\u00f3n de acabar con su vida desde ese mismo punto del Puente de Xallitic.<\/p>\n<p>\u201cSon chicos que se sienten perdidos, que no encuentran salida, o que consumen sustancias que les nublan la mente. Nos gritan: \u2018h\u00e1ganos caso\u2019, pero cuando lo hacen ya no hay marcha atr\u00e1s. Mientras hay vida, hay esperanza, pero ellos se la quitan antes de tiempo\u201d, lament\u00f3.<\/p>\n<p>Pozos subray\u00f3 que su presentaci\u00f3n tiene la intenci\u00f3n de dar voz al dolor colectivo, pero tambi\u00e9n de sembrar esperanza, invitando a la reflexi\u00f3n sobre la vida, la p\u00e9rdida y la empat\u00eda.<\/p>\n<p>La funci\u00f3n no tendr\u00e1 costo de entrada, aunque se aceptar\u00e1 cooperaci\u00f3n voluntaria del p\u00fablico.<\/p>\n<p>\u201cQueremos que sea un encuentro de comunidad, de palabra y de arte, donde podamos hablar de la muerte, pero tambi\u00e9n de lo que a\u00fan vale la pena vivir\u201d, concluy\u00f3 Yuyi Pozos.<\/p>\n","protected":false},"excerpt":{"rendered":"<p>Dar\u00edo Pale Xalapa, Ver.- Yuyi Pozos presentar\u00e1 el performance \u201cEl Arlequ\u00edn Testarudo\u201d bajo el Puente de Xallitic, en Xalapa. La actriz y narradora oral reflexiona sobre la muerte, la desaparici\u00f3n y la esperanza en el marco de la Noche de Catrinas. La actriz, narradora oral y clown Yuyi Pozos anunci\u00f3 la presentaci\u00f3n de su espect\u00e1culo [&hellip;]<\/p>\n","protected":false},"author":2476,"featured_media":72265,"comment_status":"open","ping_status":"open","sticky":false,"template":"","format":"standard","meta":{"_jetpack_memberships_contains_paid_content":false,"footnotes":""},"categories":[3],"tags":[],"class_list":["post-72264","post","type-post","status-publish","format-standard","has-post-thumbnail","hentry","category-xalapa"],"jetpack_featured_media_url":"https:\/\/encuentroinformativo.com.mx\/wp-content\/uploads\/2025\/10\/IMG-20251023-WA0212.jpg","jetpack_sharing_enabled":true,"jetpack_likes_enabled":true,"amp_enabled":true,"_links":{"self":[{"href":"https:\/\/encuentroinformativo.com.mx\/index.php?rest_route=\/wp\/v2\/posts\/72264","targetHints":{"allow":["GET"]}}],"collection":[{"href":"https:\/\/encuentroinformativo.com.mx\/index.php?rest_route=\/wp\/v2\/posts"}],"about":[{"href":"https:\/\/encuentroinformativo.com.mx\/index.php?rest_route=\/wp\/v2\/types\/post"}],"author":[{"embeddable":true,"href":"https:\/\/encuentroinformativo.com.mx\/index.php?rest_route=\/wp\/v2\/users\/2476"}],"replies":[{"embeddable":true,"href":"https:\/\/encuentroinformativo.com.mx\/index.php?rest_route=%2Fwp%2Fv2%2Fcomments&post=72264"}],"version-history":[{"count":1,"href":"https:\/\/encuentroinformativo.com.mx\/index.php?rest_route=\/wp\/v2\/posts\/72264\/revisions"}],"predecessor-version":[{"id":72266,"href":"https:\/\/encuentroinformativo.com.mx\/index.php?rest_route=\/wp\/v2\/posts\/72264\/revisions\/72266"}],"wp:featuredmedia":[{"embeddable":true,"href":"https:\/\/encuentroinformativo.com.mx\/index.php?rest_route=\/wp\/v2\/media\/72265"}],"wp:attachment":[{"href":"https:\/\/encuentroinformativo.com.mx\/index.php?rest_route=%2Fwp%2Fv2%2Fmedia&parent=72264"}],"wp:term":[{"taxonomy":"category","embeddable":true,"href":"https:\/\/encuentroinformativo.com.mx\/index.php?rest_route=%2Fwp%2Fv2%2Fcategories&post=72264"},{"taxonomy":"post_tag","embeddable":true,"href":"https:\/\/encuentroinformativo.com.mx\/index.php?rest_route=%2Fwp%2Fv2%2Ftags&post=72264"}],"curies":[{"name":"wp","href":"https:\/\/api.w.org\/{rel}","templated":true}]}}