{"id":72267,"date":"2025-10-23T14:42:21","date_gmt":"2025-10-23T20:42:21","guid":{"rendered":"https:\/\/encuentroinformativo.com.mx\/?p=72267"},"modified":"2025-10-23T14:42:21","modified_gmt":"2025-10-23T20:42:21","slug":"polemica-por-despensas-hector-yunes-solo-hace-videitos-revira-esteban-bautista","status":"publish","type":"post","link":"https:\/\/encuentroinformativo.com.mx\/?p=72267","title":{"rendered":"Pol\u00e9mica por despensas; H\u00e9ctor Yunes solo hace \u201cvide\u00edtos\u201d, revira Esteban Bautista"},"content":{"rendered":"<p><strong>Magnolia Reyes<\/strong><\/p>\n<p>Xalapa, Ver.- El Congreso camina con pluralidad, as\u00ed lo afirm\u00f3 el diputado local Esteban Bautista Hern\u00e1ndez al acusar al legislador H\u00e9ctor Yunes Landa \u201cde estar equivocado y hacer Tiktok\u201d.<\/p>\n<p>En entrevista previa a la sesi\u00f3n ordinaria de este jueves, el presidente de la Junta de Coordinaci\u00f3n Pol\u00edtica (Jucopo), afirm\u00f3 que las despensas que se han adquirido s\u00ed han sido distribuidas en la zona norte del estado, ante lo cual afirm\u00f3 que el legislador pri\u00edsta \u201cesta equivocado\u201d ante los se\u00f1alamientos que ha realizado.<\/p>\n<p>\u201cEl se\u00f1or esta equivocado, son pocas despensas que sobraron vamos a llevar m\u00e1s apoyos. Yo vengo de una escuela que me cr\u00ede de Jesuitas y jam\u00e1s voy a hacer de que con recurso de los compa\u00f1eros hacer un destino distinto. Est\u00e1 acostumbrado (Yunes) a hacer TikTok\u2019s, hacer vide\u00edtos desde un puente. La gente de Poza Rica, de \u00c1lamo, no requiere de eso\u201d, enfatiz\u00f3.<\/p>\n<p>\u00bfLos ha acompa\u00f1ado a los recorridos?<br \/>\n-No, pero se le ha invitado. \u00daltimamente que fuimos se le ha invitado a todas las fracciones parlamentarias, de todas nos acompa\u00f1o el del PT, el del Verde, el de MC, ah\u00ed estuvieron.<\/p>\n<p>\u00bfSe est\u00e1 politizando el tema?<br \/>\n-El se\u00f1or esta acostumbrado a eso, hay que respetarlo es de tiks toks. Yo lo voy a invitar a que vaya con nosotros a cargar rotoplas en la pr\u00f3xima entrega, que nos acompa\u00f1e a la zona de desastres.<\/p>\n<p>El legislador fue cuestionado sobre el por qu\u00e9, el legislador priista no los ha acompa\u00f1ado a las recorridos de entrega que han efectuado, ante lo cual precis\u00f3: \u201cPreg\u00fantenle a \u00e9l, yo no soy vocero de H\u00e9ctor Yunes\u201d.<\/p>\n<p>Bautista Hern\u00e1ndez insisti\u00f3 que en el Congreso del Estado se camina con pluralidad, \u201cel Congreso camina con pluralidad yo nada m\u00e1s le hice un exhorto de que la zona de Poza Rica se requiere con vigor, sumar esfuerzos todos, el Gobierno Federal y el Gobierno del Estado est\u00e1n dando su parte la iniciativa privada igual, los gobernadores vecinos\u201d.<\/p>\n","protected":false},"excerpt":{"rendered":"<p>Magnolia Reyes Xalapa, Ver.- El Congreso camina con pluralidad, as\u00ed lo afirm\u00f3 el diputado local Esteban Bautista Hern\u00e1ndez al acusar al legislador H\u00e9ctor Yunes Landa \u201cde estar equivocado y hacer Tiktok\u201d. En entrevista previa a la sesi\u00f3n ordinaria de este jueves, el presidente de la Junta de Coordinaci\u00f3n Pol\u00edtica (Jucopo), afirm\u00f3 que las despensas que [&hellip;]<\/p>\n","protected":false},"author":2476,"featured_media":72263,"comment_status":"open","ping_status":"open","sticky":false,"template":"","format":"standard","meta":{"_jetpack_memberships_contains_paid_content":false,"footnotes":""},"categories":[2],"tags":[],"class_list":["post-72267","post","type-post","status-publish","format-standard","has-post-thumbnail","hentry","category-estado"],"jetpack_featured_media_url":"https:\/\/encuentroinformativo.com.mx\/wp-content\/uploads\/2025\/10\/IMG_20251023_140756_1300_x_1080_pixel2.jpg","jetpack_sharing_enabled":true,"jetpack_likes_enabled":true,"amp_enabled":true,"_links":{"self":[{"href":"https:\/\/encuentroinformativo.com.mx\/index.php?rest_route=\/wp\/v2\/posts\/72267","targetHints":{"allow":["GET"]}}],"collection":[{"href":"https:\/\/encuentroinformativo.com.mx\/index.php?rest_route=\/wp\/v2\/posts"}],"about":[{"href":"https:\/\/encuentroinformativo.com.mx\/index.php?rest_route=\/wp\/v2\/types\/post"}],"author":[{"embeddable":true,"href":"https:\/\/encuentroinformativo.com.mx\/index.php?rest_route=\/wp\/v2\/users\/2476"}],"replies":[{"embeddable":true,"href":"https:\/\/encuentroinformativo.com.mx\/index.php?rest_route=%2Fwp%2Fv2%2Fcomments&post=72267"}],"version-history":[{"count":2,"href":"https:\/\/encuentroinformativo.com.mx\/index.php?rest_route=\/wp\/v2\/posts\/72267\/revisions"}],"predecessor-version":[{"id":72269,"href":"https:\/\/encuentroinformativo.com.mx\/index.php?rest_route=\/wp\/v2\/posts\/72267\/revisions\/72269"}],"wp:featuredmedia":[{"embeddable":true,"href":"https:\/\/encuentroinformativo.com.mx\/index.php?rest_route=\/wp\/v2\/media\/72263"}],"wp:attachment":[{"href":"https:\/\/encuentroinformativo.com.mx\/index.php?rest_route=%2Fwp%2Fv2%2Fmedia&parent=72267"}],"wp:term":[{"taxonomy":"category","embeddable":true,"href":"https:\/\/encuentroinformativo.com.mx\/index.php?rest_route=%2Fwp%2Fv2%2Fcategories&post=72267"},{"taxonomy":"post_tag","embeddable":true,"href":"https:\/\/encuentroinformativo.com.mx\/index.php?rest_route=%2Fwp%2Fv2%2Ftags&post=72267"}],"curies":[{"name":"wp","href":"https:\/\/api.w.org\/{rel}","templated":true}]}}