{"id":72270,"date":"2025-10-23T14:52:38","date_gmt":"2025-10-23T20:52:38","guid":{"rendered":"https:\/\/encuentroinformativo.com.mx\/?p=72270"},"modified":"2025-10-23T14:52:38","modified_gmt":"2025-10-23T20:52:38","slug":"se-extingue-la-reserva-de-la-biosfera-de-los-tuxtlas-deforestacion-sigue-latente","status":"publish","type":"post","link":"https:\/\/encuentroinformativo.com.mx\/?p=72270","title":{"rendered":"Se extingue la Reserva de la Biosfera de Los Tuxtlas; deforestaci\u00f3n sigue latente"},"content":{"rendered":"<p><strong>* Se siguen talando \u00e1rboles para venta de madera, adem\u00e1s de la ganader\u00eda extensiva y la siembra del tabaco.<\/strong><\/p>\n<p><strong>Armando Azamar Fonseca <\/strong><\/p>\n<p>San Andr\u00e9s Tuxtla, Ver.- La Reserva de la Biosfera de Los Tuxtlas enfrenta una grave crisis ambiental, al perder dos tercios de su selva original desde su creaci\u00f3n en 1998, seg\u00fan denunci\u00f3 Eduardo \u00c1lvarez R\u00edos, integrante de Defensores de Medio Ambiente de Los Tuxtlas A.C. De las 30 mil hect\u00e1reas de selva virgen que conformaban la zona n\u00facleo, hoy solo subsisten diez mil, un declive atribuido a la ganader\u00eda extensiva, el cultivo de tabaco y la tala clandestina.<\/p>\n<p>\u00c1lvarez R\u00edos se\u00f1al\u00f3 que la ganader\u00eda extensiva es uno de los principales factores que impulsan la deforestaci\u00f3n. Muchos ganaderos, colindantes con la reserva, han adoptado la pr\u00e1ctica de &#8220;limpiar&#8221; la selva para expandir sus potreros, considerando la vegetaci\u00f3n como un estorbo en lugar de un ecosistema vital. La ganader\u00eda extensiva, que implica grandes extensiones de terreno, ha erosionado de forma significativa la cobertura forestal.<\/p>\n<p>Asimismo, el cultivo de tabaco ha demostrado ser altamente perjudicial. El activista record\u00f3 el caso del manantial de San Sim\u00f3n, en San Andr\u00e9s Tuxtla, donde un sembrad\u00edo de tabaco amenazaba la reserva. &#8220;El cultivo del tabaco es verdaderamente nocivo por los agroqu\u00edmicos que utilizan, y para sembrar tienen que tirar todos los \u00e1rboles&#8221;, explic\u00f3.<\/p>\n<p>Aunque el proyecto fue frenado y la PROFEPA clausur\u00f3 el cultivo en ese momento, la amenaza persiste en otros puntos de la reserva.<\/p>\n<p>Otro problema latente es la tala clandestina, que ha alcanzado niveles cr\u00edticos. \u00c1lvarez R\u00edos manifest\u00f3 que este acto il\u00edcito se ha intensificado, y que existen rumores de corrupci\u00f3n entre autoridades de las corporaciones polic\u00edacas, ministeriales y talamontes que operan con impunidad en la regi\u00f3n.<\/p>\n<p>La falta de voluntad por parte de las autoridades para combatir este ecocidio ha sido constante y ha permitido que la tala de \u00e1rboles contin\u00fae sin control.<\/p>\n<p>La deforestaci\u00f3n en Los Tuxtlas est\u00e1 generando consecuencias devastadoras, seg\u00fan \u00c1lvarez R\u00edos, la p\u00e9rdida de h\u00e1bitat ha provocado la desaparici\u00f3n de especies de fauna y ha impactado de forma directa el clima de la regi\u00f3n, que se manifiesta con cambios bruscos e impredecibles.<\/p>\n<p>La falta de \u00e1rboles tambi\u00e9n afecta la capacidad de la selva para mitigar el cambio clim\u00e1tico y proteger el suelo de la erosi\u00f3n.<\/p>\n<p>Ante este panorama, \u00c1lvarez R\u00edos hace un llamado urgente a las autoridades competentes, como la Procuraduria Federal de Protecci\u00f3n al Ambiente (PROFEPA) y la Comisi\u00f3n Nacional de \u00c1reas Naturales Protegidas (CONANP) a tomar cartas en el asunto y frenar de forma definitiva la destrucci\u00f3n de la Reserva de la Biosfera de Los Tuxtlas.<\/p>\n<p>&#8220;No contamos con las autoridades que son las que deben de entender ese tipo de problemas, la oficina de la PROFEPA est\u00e1 ac\u00e9fala en Catemaco&#8221;, lament\u00f3 el ambientalista, quien asegur\u00f3 que los defensores del medio ambiente han denunciado reiteradamente los proyectos que atentan contra la reserva sin que se tomen medidas eficaces.<\/p>\n<p><img loading=\"lazy\" decoding=\"async\" class=\"aligncenter size-medium wp-image-72272\" src=\"https:\/\/encuentroinformativo.com.mx\/wp-content\/uploads\/2025\/10\/IMG-20251023-WA0059-300x201.jpg\" alt=\"\" width=\"300\" height=\"201\" srcset=\"https:\/\/encuentroinformativo.com.mx\/wp-content\/uploads\/2025\/10\/IMG-20251023-WA0059-300x201.jpg 300w, https:\/\/encuentroinformativo.com.mx\/wp-content\/uploads\/2025\/10\/IMG-20251023-WA0059-1024x685.jpg 1024w, https:\/\/encuentroinformativo.com.mx\/wp-content\/uploads\/2025\/10\/IMG-20251023-WA0059-768x514.jpg 768w, https:\/\/encuentroinformativo.com.mx\/wp-content\/uploads\/2025\/10\/IMG-20251023-WA0059.jpg 1385w\" sizes=\"auto, (max-width: 300px) 100vw, 300px\" \/><\/p>\n","protected":false},"excerpt":{"rendered":"<p>* Se siguen talando \u00e1rboles para venta de madera, adem\u00e1s de la ganader\u00eda extensiva y la siembra del tabaco. Armando Azamar Fonseca San Andr\u00e9s Tuxtla, Ver.- La Reserva de la Biosfera de Los Tuxtlas enfrenta una grave crisis ambiental, al perder dos tercios de su selva original desde su creaci\u00f3n en 1998, seg\u00fan denunci\u00f3 Eduardo [&hellip;]<\/p>\n","protected":false},"author":2476,"featured_media":72271,"comment_status":"open","ping_status":"open","sticky":false,"template":"","format":"standard","meta":{"_jetpack_memberships_contains_paid_content":false,"footnotes":""},"categories":[2],"tags":[],"class_list":["post-72270","post","type-post","status-publish","format-standard","has-post-thumbnail","hentry","category-estado"],"jetpack_featured_media_url":"https:\/\/encuentroinformativo.com.mx\/wp-content\/uploads\/2025\/10\/IMG-20251023-WA0058.jpg","jetpack_sharing_enabled":true,"jetpack_likes_enabled":true,"amp_enabled":true,"_links":{"self":[{"href":"https:\/\/encuentroinformativo.com.mx\/index.php?rest_route=\/wp\/v2\/posts\/72270","targetHints":{"allow":["GET"]}}],"collection":[{"href":"https:\/\/encuentroinformativo.com.mx\/index.php?rest_route=\/wp\/v2\/posts"}],"about":[{"href":"https:\/\/encuentroinformativo.com.mx\/index.php?rest_route=\/wp\/v2\/types\/post"}],"author":[{"embeddable":true,"href":"https:\/\/encuentroinformativo.com.mx\/index.php?rest_route=\/wp\/v2\/users\/2476"}],"replies":[{"embeddable":true,"href":"https:\/\/encuentroinformativo.com.mx\/index.php?rest_route=%2Fwp%2Fv2%2Fcomments&post=72270"}],"version-history":[{"count":2,"href":"https:\/\/encuentroinformativo.com.mx\/index.php?rest_route=\/wp\/v2\/posts\/72270\/revisions"}],"predecessor-version":[{"id":72274,"href":"https:\/\/encuentroinformativo.com.mx\/index.php?rest_route=\/wp\/v2\/posts\/72270\/revisions\/72274"}],"wp:featuredmedia":[{"embeddable":true,"href":"https:\/\/encuentroinformativo.com.mx\/index.php?rest_route=\/wp\/v2\/media\/72271"}],"wp:attachment":[{"href":"https:\/\/encuentroinformativo.com.mx\/index.php?rest_route=%2Fwp%2Fv2%2Fmedia&parent=72270"}],"wp:term":[{"taxonomy":"category","embeddable":true,"href":"https:\/\/encuentroinformativo.com.mx\/index.php?rest_route=%2Fwp%2Fv2%2Fcategories&post=72270"},{"taxonomy":"post_tag","embeddable":true,"href":"https:\/\/encuentroinformativo.com.mx\/index.php?rest_route=%2Fwp%2Fv2%2Ftags&post=72270"}],"curies":[{"name":"wp","href":"https:\/\/api.w.org\/{rel}","templated":true}]}}