{"id":72275,"date":"2025-10-23T15:40:12","date_gmt":"2025-10-23T21:40:12","guid":{"rendered":"https:\/\/encuentroinformativo.com.mx\/?p=72275"},"modified":"2025-10-23T15:40:12","modified_gmt":"2025-10-23T21:40:12","slug":"si-retornaron-despensas-al-congreso-local-insiste-hector-yunes","status":"publish","type":"post","link":"https:\/\/encuentroinformativo.com.mx\/?p=72275","title":{"rendered":"S\u00ed retornaron despensas al Congreso Local, insiste H\u00e9ctor Yunes"},"content":{"rendered":"<p><strong>Magnolia Reyes<\/strong><\/p>\n<p>Xalapa, Ver.- El diputado local H\u00e9ctor Yunes Landa insisti\u00f3 en que las despensas que se adquirieron con el sueldo que donaron los 50 diputados locales fueron retornadas a las instalaciones del Congreso del Estado.<\/p>\n<p>En entrevista el legislador acus\u00f3 que no tienen conocimiento de cual ser\u00e1 el destino final que tendr\u00e1n las despensas que se encuentran en el edificio del Poder Legislativo, por lo que adem\u00e1s acus\u00f3 que a \u00e9l y las diputadas de su bancada les notificaran de \u00faltimo momento el recorrido que realizar\u00edan por la zona norte.<\/p>\n<p>\u201cEllos argumentan que no entraron a todo porque hay lodo\u2026 pues hubieran lavado antes, es inmoral\u201d, acus\u00f3.<\/p>\n<p>Del mismo modo, el legislador del Partido Revolucionario Institucional (PRI), acus\u00f3 que se est\u00e1 utilizando el Poder Legislativo como una oficial\u00eda de partes, adem\u00e1s de generar \u201cfuego amigo\u201d para que desde el interior del Congreso haya golpeteo en su contra.<\/p>\n<p>Cabe recordar que de manera previa el diputado local Esteban Bautista presidente de la Junta de Coordinaci\u00f3n Pol\u00edtica ya respondi\u00f3 a los se\u00f1alamientos, adem\u00e1s de que dijo durante la sesi\u00f3n efectuar\u00eda un pronunciamiento al respecto.<\/p>\n","protected":false},"excerpt":{"rendered":"<p>Magnolia Reyes Xalapa, Ver.- El diputado local H\u00e9ctor Yunes Landa insisti\u00f3 en que las despensas que se adquirieron con el sueldo que donaron los 50 diputados locales fueron retornadas a las instalaciones del Congreso del Estado. En entrevista el legislador acus\u00f3 que no tienen conocimiento de cual ser\u00e1 el destino final que tendr\u00e1n las despensas [&hellip;]<\/p>\n","protected":false},"author":2476,"featured_media":72276,"comment_status":"open","ping_status":"open","sticky":false,"template":"","format":"standard","meta":{"_jetpack_memberships_contains_paid_content":false,"footnotes":""},"categories":[2],"tags":[],"class_list":["post-72275","post","type-post","status-publish","format-standard","has-post-thumbnail","hentry","category-estado"],"jetpack_featured_media_url":"https:\/\/encuentroinformativo.com.mx\/wp-content\/uploads\/2025\/10\/IMG-20251023-WA0264.jpg","jetpack_sharing_enabled":true,"jetpack_likes_enabled":true,"amp_enabled":true,"_links":{"self":[{"href":"https:\/\/encuentroinformativo.com.mx\/index.php?rest_route=\/wp\/v2\/posts\/72275","targetHints":{"allow":["GET"]}}],"collection":[{"href":"https:\/\/encuentroinformativo.com.mx\/index.php?rest_route=\/wp\/v2\/posts"}],"about":[{"href":"https:\/\/encuentroinformativo.com.mx\/index.php?rest_route=\/wp\/v2\/types\/post"}],"author":[{"embeddable":true,"href":"https:\/\/encuentroinformativo.com.mx\/index.php?rest_route=\/wp\/v2\/users\/2476"}],"replies":[{"embeddable":true,"href":"https:\/\/encuentroinformativo.com.mx\/index.php?rest_route=%2Fwp%2Fv2%2Fcomments&post=72275"}],"version-history":[{"count":1,"href":"https:\/\/encuentroinformativo.com.mx\/index.php?rest_route=\/wp\/v2\/posts\/72275\/revisions"}],"predecessor-version":[{"id":72277,"href":"https:\/\/encuentroinformativo.com.mx\/index.php?rest_route=\/wp\/v2\/posts\/72275\/revisions\/72277"}],"wp:featuredmedia":[{"embeddable":true,"href":"https:\/\/encuentroinformativo.com.mx\/index.php?rest_route=\/wp\/v2\/media\/72276"}],"wp:attachment":[{"href":"https:\/\/encuentroinformativo.com.mx\/index.php?rest_route=%2Fwp%2Fv2%2Fmedia&parent=72275"}],"wp:term":[{"taxonomy":"category","embeddable":true,"href":"https:\/\/encuentroinformativo.com.mx\/index.php?rest_route=%2Fwp%2Fv2%2Fcategories&post=72275"},{"taxonomy":"post_tag","embeddable":true,"href":"https:\/\/encuentroinformativo.com.mx\/index.php?rest_route=%2Fwp%2Fv2%2Ftags&post=72275"}],"curies":[{"name":"wp","href":"https:\/\/api.w.org\/{rel}","templated":true}]}}