{"id":7228,"date":"2020-10-23T11:10:17","date_gmt":"2020-10-23T16:10:17","guid":{"rendered":"https:\/\/encuentroinformativo.com.mx\/?p=7228"},"modified":"2020-10-23T11:10:20","modified_gmt":"2020-10-23T16:10:20","slug":"secuestros-van-a-la-baja-insiste-gobernador","status":"publish","type":"post","link":"https:\/\/encuentroinformativo.com.mx\/?p=7228","title":{"rendered":"Secuestros van a la baja, insiste gobernador"},"content":{"rendered":"\n<p><strong>Dar\u00edo Pale <\/strong><\/p>\n\n\n\n<p>Xalapa, Ver.- El gobernador del estado Cuitl\u00e1huac Garc\u00eda Jim\u00e9nez dio a conocer que los secuestros contin\u00faan a la baja pero tienen que continuar bajando ya que lamentablemente los anteriores gobiernos pactaron con la delincuencia organizada dej\u00e1ndolos que se instalar\u00e1n en Veracruz.<\/p>\n\n\n\n<p>Entrevistado en el parque Ju\u00e1rez dio a conocer que ser\u00e1 cuando el pleno de la c\u00e1mara de diputados organice las comparecencias de los secretarios de despacho y posteriormente \u00e9l ser\u00eda quien cerrar\u00e1 las comparecencias, no descart\u00f3 que pueda dar un mensaje despu\u00e9s de hacer la entrega del informe pero puede ser que solo se transmita por algunos medios.<\/p>\n\n\n\n<p>Dio a conocer que cumpli\u00f3 con el compromiso de que en dos a\u00f1os bajar\u00edan los niveles delictivos, no obstante en secuestr\u00f3 se sigue en primer lugar, pero lament\u00f3 que como lo se\u00f1al\u00f3 que el anterior fiscal solapaba a los secuestradores ya que no los combat\u00eda solo los negociaba, por lo que el d\u00eda de ma\u00f1ana o pasado ma\u00f1ana demostraran como el anterior fiscal no hac\u00edan m\u00e1s que &#8220;negociar&#8221;.<\/p>\n\n\n\n<p>Coment\u00f3 que la ley org\u00e1nica de la FGE obliga a que se debe de combatir al secuestro no s\u00f3lo en la negociaci\u00f3n de las familias y actualmente con la nueva fiscal ya est\u00e1n obteniendo resultados, por lo cual baja al 50 por ciento los delitos, record\u00f3 que ya lo hab\u00eda se\u00f1alado anteriormente que el ex fiscal no estaba combatiendo al secuestro.<\/p>\n\n\n\n<p>Finalmente en cuanto al tema del secuestro lo principal es que contin\u00fae a la baja ya que se comprometi\u00f3 a que contin\u00fae a la baja, pero los gobernadores anteriores pactaron con los grupos delictivos, por ejemplo quien dej\u00f3 entrar a los &#8220;Z&#8221;, quien dej\u00f3 entrar al &#8220;CJNG&#8221;, ah\u00ed est\u00e1 la respuesta.<\/p>\n","protected":false},"excerpt":{"rendered":"<p>Dar\u00edo Pale Xalapa, Ver.- El gobernador del estado Cuitl\u00e1huac Garc\u00eda Jim\u00e9nez dio a conocer que los secuestros contin\u00faan a la baja pero tienen que continuar bajando ya que lamentablemente los anteriores gobiernos pactaron con la delincuencia organizada dej\u00e1ndolos que se instalar\u00e1n en Veracruz. Entrevistado en el parque Ju\u00e1rez dio a conocer que ser\u00e1 cuando el [&hellip;]<\/p>\n","protected":false},"author":1,"featured_media":7229,"comment_status":"open","ping_status":"open","sticky":false,"template":"","format":"standard","meta":{"_jetpack_memberships_contains_paid_content":false,"footnotes":""},"categories":[2],"tags":[],"class_list":["post-7228","post","type-post","status-publish","format-standard","has-post-thumbnail","hentry","category-estado"],"jetpack_featured_media_url":"https:\/\/encuentroinformativo.com.mx\/wp-content\/uploads\/2020\/10\/8C386D4B-9D9D-47D5-9466-D1847724BD10.jpeg","jetpack_sharing_enabled":true,"jetpack_likes_enabled":true,"amp_enabled":true,"_links":{"self":[{"href":"https:\/\/encuentroinformativo.com.mx\/index.php?rest_route=\/wp\/v2\/posts\/7228","targetHints":{"allow":["GET"]}}],"collection":[{"href":"https:\/\/encuentroinformativo.com.mx\/index.php?rest_route=\/wp\/v2\/posts"}],"about":[{"href":"https:\/\/encuentroinformativo.com.mx\/index.php?rest_route=\/wp\/v2\/types\/post"}],"author":[{"embeddable":true,"href":"https:\/\/encuentroinformativo.com.mx\/index.php?rest_route=\/wp\/v2\/users\/1"}],"replies":[{"embeddable":true,"href":"https:\/\/encuentroinformativo.com.mx\/index.php?rest_route=%2Fwp%2Fv2%2Fcomments&post=7228"}],"version-history":[{"count":1,"href":"https:\/\/encuentroinformativo.com.mx\/index.php?rest_route=\/wp\/v2\/posts\/7228\/revisions"}],"predecessor-version":[{"id":7230,"href":"https:\/\/encuentroinformativo.com.mx\/index.php?rest_route=\/wp\/v2\/posts\/7228\/revisions\/7230"}],"wp:featuredmedia":[{"embeddable":true,"href":"https:\/\/encuentroinformativo.com.mx\/index.php?rest_route=\/wp\/v2\/media\/7229"}],"wp:attachment":[{"href":"https:\/\/encuentroinformativo.com.mx\/index.php?rest_route=%2Fwp%2Fv2%2Fmedia&parent=7228"}],"wp:term":[{"taxonomy":"category","embeddable":true,"href":"https:\/\/encuentroinformativo.com.mx\/index.php?rest_route=%2Fwp%2Fv2%2Fcategories&post=7228"},{"taxonomy":"post_tag","embeddable":true,"href":"https:\/\/encuentroinformativo.com.mx\/index.php?rest_route=%2Fwp%2Fv2%2Ftags&post=7228"}],"curies":[{"name":"wp","href":"https:\/\/api.w.org\/{rel}","templated":true}]}}