{"id":72282,"date":"2025-10-23T17:07:00","date_gmt":"2025-10-23T23:07:00","guid":{"rendered":"https:\/\/encuentroinformativo.com.mx\/?p=72282"},"modified":"2025-10-23T17:07:00","modified_gmt":"2025-10-23T23:07:00","slug":"alejandro-sanz-envia-emotivo-mensaje-a-damnificados-del-norte-de-veracruz","status":"publish","type":"post","link":"https:\/\/encuentroinformativo.com.mx\/?p=72282","title":{"rendered":"Alejandro Sanz env\u00eda emotivo mensaje a damnificados del norte de Veracruz"},"content":{"rendered":"<p><strong>Alejandro \u00c1vila<\/strong><\/p>\n<p>Boca del R\u00edo, Ver.- &#8220;Ojal\u00e1 puedan recuperar sus vidas pronto y Dios los cuide much\u00edsimo, va por ellos este concierto, que sepan que los queremos un chingo y est\u00e1n en nuestros corazones&#8221;, fueron las palabras del cantautor madrile\u00f1o, Alejandro Sanz, durante su concierto realizado la noche de este mi\u00e9rcoles 22 de octubre en el estadio Beto \u00c1vila de Boca del R\u00edo.<\/p>\n<p>En punto de las 9 de la noche las luces del recinto se apagaron y Alejandro Sanz apareci\u00f3 en el escenario en medio de una tremenda ovaci\u00f3n y as\u00ed dar paso a los primeros acordes de &#8220;Desde cu\u00e1ndo&#8221; y &#8220;Capit\u00e1n Tap\u00f3n&#8221;, canciones con las que abre su tour \u00bfY Ahora Qu\u00e9?<\/p>\n<p>Continuaron otras canciones como: &#8220;La M\u00fasica No Se Toca&#8221;, &#8220;Por Bandera&#8221;, &#8220;B\u00e9same&#8221;, &#8220;A la Primera Persona&#8221; y &#8220;Mi Soledad y Yo&#8221;, &#8220;El Vino de Tu Boca&#8221;.<\/p>\n<p>El espa\u00f1ol tambi\u00e9n present\u00f3 a los m\u00fasicos internacionales que integran su banda, quienes le acompa\u00f1an en esta exitosa gira. La noche continu\u00f3 con \u00e9xitos como: &#8220;Quisiera Ser&#8221;, &#8220;Hoy No Me Siento Bien&#8221; y &#8220;Reg\u00e1lame la Silla Donde Te Esper\u00e9&#8221;, mismas que el p\u00fablico disfrut\u00f3 a plenitud.<\/p>\n<p>Sin duda alguna una de las canciones m\u00e1s esperadas de la noche fue &#8220;Amiga M\u00eda&#8221; que son\u00f3 y retumb\u00f3 todo el estadio Beto \u00c1vila.<\/p>\n<p>El espa\u00f1ol no dej\u00f3 fuera del setlist de su tour &#8220;\u00bfY Ahora Qu\u00e9?&#8221; canciones como: &#8220;Deja qu\u00e9 te Bese&#8221;, &#8220;Cuando Nadie Me Ve&#8221;, &#8220;El Alma al Aire&#8221;, \u201cMi marciana\u201d, \u201cYo te traigo\u201d, &#8220;No es lo Mismo&#8221;. Aunque las m\u00e1s coreadas de esta noche fueron: &#8220;\u00bfY si Fuera Ella?&#8221; y &#8220;Coraz\u00f3n Part\u00edo&#8221;.<\/p>\n<p>Alejandro Sanz est\u00e1 celebrando 30 a\u00f1os en la m\u00fasica con este tour que recorre parte del territorio mexicano y continuar\u00e1 en Estados Unidos, Latinoam\u00e9rica y Europa. Adem\u00e1s de la participaci\u00f3n estelar que tendr\u00e1 el 13 de noviembre en la 26 edici\u00f3n de los Latin Grammy en el MGM Grand Garden Arena de Las Vegas.<\/p>\n","protected":false},"excerpt":{"rendered":"<p>Alejandro \u00c1vila Boca del R\u00edo, Ver.- &#8220;Ojal\u00e1 puedan recuperar sus vidas pronto y Dios los cuide much\u00edsimo, va por ellos este concierto, que sepan que los queremos un chingo y est\u00e1n en nuestros corazones&#8221;, fueron las palabras del cantautor madrile\u00f1o, Alejandro Sanz, durante su concierto realizado la noche de este mi\u00e9rcoles 22 de octubre en [&hellip;]<\/p>\n","protected":false},"author":2476,"featured_media":72283,"comment_status":"open","ping_status":"open","sticky":false,"template":"","format":"standard","meta":{"_jetpack_memberships_contains_paid_content":false,"footnotes":""},"categories":[2],"tags":[],"class_list":["post-72282","post","type-post","status-publish","format-standard","has-post-thumbnail","hentry","category-estado"],"jetpack_featured_media_url":"https:\/\/encuentroinformativo.com.mx\/wp-content\/uploads\/2025\/10\/IMG-20251023-WA02852.jpg","jetpack_sharing_enabled":true,"jetpack_likes_enabled":true,"amp_enabled":true,"_links":{"self":[{"href":"https:\/\/encuentroinformativo.com.mx\/index.php?rest_route=\/wp\/v2\/posts\/72282","targetHints":{"allow":["GET"]}}],"collection":[{"href":"https:\/\/encuentroinformativo.com.mx\/index.php?rest_route=\/wp\/v2\/posts"}],"about":[{"href":"https:\/\/encuentroinformativo.com.mx\/index.php?rest_route=\/wp\/v2\/types\/post"}],"author":[{"embeddable":true,"href":"https:\/\/encuentroinformativo.com.mx\/index.php?rest_route=\/wp\/v2\/users\/2476"}],"replies":[{"embeddable":true,"href":"https:\/\/encuentroinformativo.com.mx\/index.php?rest_route=%2Fwp%2Fv2%2Fcomments&post=72282"}],"version-history":[{"count":1,"href":"https:\/\/encuentroinformativo.com.mx\/index.php?rest_route=\/wp\/v2\/posts\/72282\/revisions"}],"predecessor-version":[{"id":72284,"href":"https:\/\/encuentroinformativo.com.mx\/index.php?rest_route=\/wp\/v2\/posts\/72282\/revisions\/72284"}],"wp:featuredmedia":[{"embeddable":true,"href":"https:\/\/encuentroinformativo.com.mx\/index.php?rest_route=\/wp\/v2\/media\/72283"}],"wp:attachment":[{"href":"https:\/\/encuentroinformativo.com.mx\/index.php?rest_route=%2Fwp%2Fv2%2Fmedia&parent=72282"}],"wp:term":[{"taxonomy":"category","embeddable":true,"href":"https:\/\/encuentroinformativo.com.mx\/index.php?rest_route=%2Fwp%2Fv2%2Fcategories&post=72282"},{"taxonomy":"post_tag","embeddable":true,"href":"https:\/\/encuentroinformativo.com.mx\/index.php?rest_route=%2Fwp%2Fv2%2Ftags&post=72282"}],"curies":[{"name":"wp","href":"https:\/\/api.w.org\/{rel}","templated":true}]}}