{"id":72308,"date":"2025-10-24T11:15:13","date_gmt":"2025-10-24T17:15:13","guid":{"rendered":"https:\/\/encuentroinformativo.com.mx\/?p=72308"},"modified":"2025-10-24T11:15:13","modified_gmt":"2025-10-24T17:15:13","slug":"san-rafael-simbolo-de-esperanza-se-desborda-la-fe-en-catedral","status":"publish","type":"post","link":"https:\/\/encuentroinformativo.com.mx\/?p=72308","title":{"rendered":"San Rafael, s\u00edmbolo de esperanza; se desborda la fe en Catedral"},"content":{"rendered":"<p><strong>Dar\u00edo Pale<\/strong><\/p>\n<p>Xalapa, Ver.- Xalapa vive d\u00edas de profunda devoci\u00f3n con motivo de la festividad de San Rafael Gu\u00edzar y Valencia, uno de los santos m\u00e1s queridos y venerados en Veracruz.<\/p>\n<p>Desde inicios de octubre, miles de fieles han llegado a la capital para rendir homenaje al llamado Santo de la Caridad, cuyo legado sigue inspirando a generaciones de creyentes.<\/p>\n<p>El vocero de la Arquidi\u00f3cesis de Xalapa, Juan Beristain de los Santos, destac\u00f3 que en los d\u00edas previos a esta conmemoraci\u00f3n \u201cel fervor se ha desbordado\u201d, evidenciando la cercan\u00eda del pueblo con un santo que, dijo, \u201ces un santo hecho en casa\u201d.<\/p>\n<p>\u201cSan Rafael tiene una conexi\u00f3n muy cercana con la gente. Hay personas de segunda generaci\u00f3n que a\u00fan conservan testimonios de quienes lo conocieron personalmente. Es una figura profundamente arraigada en el coraz\u00f3n del pueblo veracruzano\u201d, expres\u00f3.<\/p>\n<p>Durante todo el mes se han llevado a cabo novenas, conciertos, conferencias, procesiones y rosarios, en los que las parroquias de la Arquidi\u00f3cesis han mantenido viva la celebraci\u00f3n, considerada por los fieles como una oportunidad para renovar su fe y compromiso con el legado de servicio que dej\u00f3 el santo.<\/p>\n<p>En la Catedral Metropolitana de Xalapa, la afluencia ha sido constante e incesante. Las puertas han permanecido abiertas d\u00eda y noche para recibir a los peregrinos que buscan orar ante la tumba del santo.<\/p>\n<p>\u201cAnoche la Catedral no se cerr\u00f3; hubo misas cada hora y todos quieren pasar a la tumba, ver el arco floral que prepara la gente de Ocelo y encomendarse a San Rafael\u201d, relat\u00f3 Beristain de los Santos.<\/p>\n<p>A la capital han arribado peregrinos provenientes de Huatusco, C\u00f3rdoba, y diversas di\u00f3cesis de Veracruz, adem\u00e1s de sacerdotes, seminaristas y religiosas de otros estados del pa\u00eds.<\/p>\n<p>\u201cHoy es el gran d\u00eda. Todos vienen a pedir por salud, trabajo, fortaleza o la culminaci\u00f3n de sus proyectos personales. Cada uno trae su intenci\u00f3n, pero todos llegan con esperanza y fe en la intercesi\u00f3n de San Rafael\u201d, a\u00f1adi\u00f3 el vocero.<\/p>\n<p>Record\u00f3 tambi\u00e9n que San Rafael Gu\u00edzar y Valencia fue considerado santo incluso en vida, por su cercan\u00eda con la gente y su entrega pastoral.<\/p>\n<p>\u201cEra obispo de todo el estado y el pueblo ya lo consideraba un hombre santo. Cuando muri\u00f3 el 6 de junio de 1931, su traslado desde la Ciudad de M\u00e9xico a Xalapa fue acompa\u00f1ado por un r\u00edo de personas que lo aclamaban\u201d, se\u00f1al\u00f3.<\/p>\n<p>Beristain de los Santos mencion\u00f3 el testimonio del sacerdote Loret del Mola, autor del libro \u00c1ngel sin ojos, que narra el fervor popular tras su muerte. \u201cDesde entonces, el cari\u00f1o del pueblo no ha cesado\u201d, dijo.<\/p>\n<p>San Rafael fue beatificado en 1995 por el Papa Juan Pablo II y canonizado en 2006 por el Papa Benedicto XVI, consolid\u00e1ndose como una de las figuras religiosas m\u00e1s representativas del pa\u00eds.<\/p>\n<p>Finalmente, el vocero subray\u00f3 que su figura contin\u00faa siendo \u201cs\u00edmbolo de esperanza, servicio y entrega total a los dem\u00e1s\u201d, virtudes que siguen inspirando a los veracruzanos que a\u00f1o con a\u00f1o renuevan su fe y gratitud ante quien es considerado un verdadero pastor del pueblo.<\/p>\n<p><img loading=\"lazy\" decoding=\"async\" class=\"aligncenter size-medium wp-image-72310\" src=\"https:\/\/encuentroinformativo.com.mx\/wp-content\/uploads\/2025\/10\/IMG-20251024-WA0078-300x225.jpg\" alt=\"\" width=\"300\" height=\"225\" srcset=\"https:\/\/encuentroinformativo.com.mx\/wp-content\/uploads\/2025\/10\/IMG-20251024-WA0078-300x225.jpg 300w, https:\/\/encuentroinformativo.com.mx\/wp-content\/uploads\/2025\/10\/IMG-20251024-WA0078-1024x768.jpg 1024w, https:\/\/encuentroinformativo.com.mx\/wp-content\/uploads\/2025\/10\/IMG-20251024-WA0078-768x576.jpg 768w, https:\/\/encuentroinformativo.com.mx\/wp-content\/uploads\/2025\/10\/IMG-20251024-WA0078-1536x1152.jpg 1536w, https:\/\/encuentroinformativo.com.mx\/wp-content\/uploads\/2025\/10\/IMG-20251024-WA0078.jpg 1600w\" sizes=\"auto, (max-width: 300px) 100vw, 300px\" \/><\/p>\n","protected":false},"excerpt":{"rendered":"<p>Dar\u00edo Pale Xalapa, Ver.- Xalapa vive d\u00edas de profunda devoci\u00f3n con motivo de la festividad de San Rafael Gu\u00edzar y Valencia, uno de los santos m\u00e1s queridos y venerados en Veracruz. Desde inicios de octubre, miles de fieles han llegado a la capital para rendir homenaje al llamado Santo de la Caridad, cuyo legado sigue [&hellip;]<\/p>\n","protected":false},"author":2476,"featured_media":72309,"comment_status":"open","ping_status":"open","sticky":false,"template":"","format":"standard","meta":{"_jetpack_memberships_contains_paid_content":false,"footnotes":""},"categories":[3],"tags":[],"class_list":["post-72308","post","type-post","status-publish","format-standard","has-post-thumbnail","hentry","category-xalapa"],"jetpack_featured_media_url":"https:\/\/encuentroinformativo.com.mx\/wp-content\/uploads\/2025\/10\/IMG-20251024-WA0076.jpg","jetpack_sharing_enabled":true,"jetpack_likes_enabled":true,"amp_enabled":true,"_links":{"self":[{"href":"https:\/\/encuentroinformativo.com.mx\/index.php?rest_route=\/wp\/v2\/posts\/72308","targetHints":{"allow":["GET"]}}],"collection":[{"href":"https:\/\/encuentroinformativo.com.mx\/index.php?rest_route=\/wp\/v2\/posts"}],"about":[{"href":"https:\/\/encuentroinformativo.com.mx\/index.php?rest_route=\/wp\/v2\/types\/post"}],"author":[{"embeddable":true,"href":"https:\/\/encuentroinformativo.com.mx\/index.php?rest_route=\/wp\/v2\/users\/2476"}],"replies":[{"embeddable":true,"href":"https:\/\/encuentroinformativo.com.mx\/index.php?rest_route=%2Fwp%2Fv2%2Fcomments&post=72308"}],"version-history":[{"count":1,"href":"https:\/\/encuentroinformativo.com.mx\/index.php?rest_route=\/wp\/v2\/posts\/72308\/revisions"}],"predecessor-version":[{"id":72311,"href":"https:\/\/encuentroinformativo.com.mx\/index.php?rest_route=\/wp\/v2\/posts\/72308\/revisions\/72311"}],"wp:featuredmedia":[{"embeddable":true,"href":"https:\/\/encuentroinformativo.com.mx\/index.php?rest_route=\/wp\/v2\/media\/72309"}],"wp:attachment":[{"href":"https:\/\/encuentroinformativo.com.mx\/index.php?rest_route=%2Fwp%2Fv2%2Fmedia&parent=72308"}],"wp:term":[{"taxonomy":"category","embeddable":true,"href":"https:\/\/encuentroinformativo.com.mx\/index.php?rest_route=%2Fwp%2Fv2%2Fcategories&post=72308"},{"taxonomy":"post_tag","embeddable":true,"href":"https:\/\/encuentroinformativo.com.mx\/index.php?rest_route=%2Fwp%2Fv2%2Ftags&post=72308"}],"curies":[{"name":"wp","href":"https:\/\/api.w.org\/{rel}","templated":true}]}}