{"id":72321,"date":"2025-10-24T13:08:29","date_gmt":"2025-10-24T19:08:29","guid":{"rendered":"https:\/\/encuentroinformativo.com.mx\/?p=72321"},"modified":"2025-10-24T13:08:29","modified_gmt":"2025-10-24T19:08:29","slug":"taxista-con-discapacidad-pide-apoyo-al-gobierno-para-seguir-laborando","status":"publish","type":"post","link":"https:\/\/encuentroinformativo.com.mx\/?p=72321","title":{"rendered":"Taxista con discapacidad, pide apoyo al gobierno para seguir laborando"},"content":{"rendered":"<p><strong>Dar\u00edo Pale<\/strong><\/p>\n<p>Xalapa, Ver.- Con m\u00e1s de 20 a\u00f1os de experiencia como taxista, Jos\u00e9 Andr\u00e9s Garc\u00eda Valencia enfrenta hoy una dif\u00edcil situaci\u00f3n econ\u00f3mica y de salud que le impide continuar laborando al volante.<\/p>\n<p>Tras sufrir un accidente hace un a\u00f1o que le dej\u00f3 secuelas en el brazo y la pierna, solicita el apoyo del gobierno estatal para poder obtener sus propias placas de taxi y reactivar su fuente de ingresos.<\/p>\n<p>El trabajador del volante explic\u00f3 que durante dos d\u00e9cadas ha rentado placas para poder desempe\u00f1ar su oficio, pero actualmente su condici\u00f3n f\u00edsica y la falta de recursos le impiden seguir pagando esa renta.<\/p>\n<p>\u201cNo puedo trabajar y el problema es con mi familia, que no les puedo dar solvencia econ\u00f3mica. Mi situaci\u00f3n no es buena, necesito que me ayuden, por favor\u201d, expres\u00f3 con visible preocupaci\u00f3n.<\/p>\n<p>Garc\u00eda Valencia detall\u00f3 que el accidente que lo dej\u00f3 con discapacidad no ocurri\u00f3 mientras conduc\u00eda el taxi, pero las secuelas le han dificultado conseguir otro empleo, por lo que busca una alternativa que le permita mantenerse activo y llevar sustento a su hogar.<\/p>\n<p>\u201cSi tuviera mis propias placas, podr\u00eda rentarlas o buscar la forma de trabajar. Nadie me va a querer ayudar a trabajar as\u00ed, por eso pido que me apoyen\u201d, coment\u00f3.<\/p>\n<p>Originario de Xalapa, el taxista se\u00f1al\u00f3 que tiene esposa e hijos -ya mayores de edad-, pero que, como muchas familias, atraviesan una situaci\u00f3n econ\u00f3mica complicada.<\/p>\n<p>Con m\u00e1s de dos d\u00e9cadas de experiencia en el transporte p\u00fablico, reitera su solicitud a la gobernadora Roc\u00edo Nahle Garc\u00eda y a las autoridades de Pol\u00edtica Regional para que le brinden el apoyo necesario y as\u00ed poder contar con las placas que le permitan volver a generar ingresos.<\/p>\n<p>\u201cNo tengo otro modo de percibir dinero, la situaci\u00f3n econ\u00f3mica es muy dif\u00edcil. Solo pido la oportunidad de trabajar nuevamente\u201d, concluy\u00f3.<\/p>\n","protected":false},"excerpt":{"rendered":"<p>Dar\u00edo Pale Xalapa, Ver.- Con m\u00e1s de 20 a\u00f1os de experiencia como taxista, Jos\u00e9 Andr\u00e9s Garc\u00eda Valencia enfrenta hoy una dif\u00edcil situaci\u00f3n econ\u00f3mica y de salud que le impide continuar laborando al volante. Tras sufrir un accidente hace un a\u00f1o que le dej\u00f3 secuelas en el brazo y la pierna, solicita el apoyo del gobierno [&hellip;]<\/p>\n","protected":false},"author":2476,"featured_media":72322,"comment_status":"open","ping_status":"open","sticky":false,"template":"","format":"standard","meta":{"_jetpack_memberships_contains_paid_content":false,"footnotes":""},"categories":[3],"tags":[],"class_list":["post-72321","post","type-post","status-publish","format-standard","has-post-thumbnail","hentry","category-xalapa"],"jetpack_featured_media_url":"https:\/\/encuentroinformativo.com.mx\/wp-content\/uploads\/2025\/10\/IMG-20251024-WA0142.jpg","jetpack_sharing_enabled":true,"jetpack_likes_enabled":true,"amp_enabled":true,"_links":{"self":[{"href":"https:\/\/encuentroinformativo.com.mx\/index.php?rest_route=\/wp\/v2\/posts\/72321","targetHints":{"allow":["GET"]}}],"collection":[{"href":"https:\/\/encuentroinformativo.com.mx\/index.php?rest_route=\/wp\/v2\/posts"}],"about":[{"href":"https:\/\/encuentroinformativo.com.mx\/index.php?rest_route=\/wp\/v2\/types\/post"}],"author":[{"embeddable":true,"href":"https:\/\/encuentroinformativo.com.mx\/index.php?rest_route=\/wp\/v2\/users\/2476"}],"replies":[{"embeddable":true,"href":"https:\/\/encuentroinformativo.com.mx\/index.php?rest_route=%2Fwp%2Fv2%2Fcomments&post=72321"}],"version-history":[{"count":1,"href":"https:\/\/encuentroinformativo.com.mx\/index.php?rest_route=\/wp\/v2\/posts\/72321\/revisions"}],"predecessor-version":[{"id":72323,"href":"https:\/\/encuentroinformativo.com.mx\/index.php?rest_route=\/wp\/v2\/posts\/72321\/revisions\/72323"}],"wp:featuredmedia":[{"embeddable":true,"href":"https:\/\/encuentroinformativo.com.mx\/index.php?rest_route=\/wp\/v2\/media\/72322"}],"wp:attachment":[{"href":"https:\/\/encuentroinformativo.com.mx\/index.php?rest_route=%2Fwp%2Fv2%2Fmedia&parent=72321"}],"wp:term":[{"taxonomy":"category","embeddable":true,"href":"https:\/\/encuentroinformativo.com.mx\/index.php?rest_route=%2Fwp%2Fv2%2Fcategories&post=72321"},{"taxonomy":"post_tag","embeddable":true,"href":"https:\/\/encuentroinformativo.com.mx\/index.php?rest_route=%2Fwp%2Fv2%2Ftags&post=72321"}],"curies":[{"name":"wp","href":"https:\/\/api.w.org\/{rel}","templated":true}]}}