{"id":72327,"date":"2025-10-24T16:42:29","date_gmt":"2025-10-24T22:42:29","guid":{"rendered":"https:\/\/encuentroinformativo.com.mx\/?p=72327"},"modified":"2025-10-24T16:42:29","modified_gmt":"2025-10-24T22:42:29","slug":"cfe-inicio-rehabilitacion-electrica-en-centro-historico-cometur","status":"publish","type":"post","link":"https:\/\/encuentroinformativo.com.mx\/?p=72327","title":{"rendered":"CFE inici\u00f3 rehabilitaci\u00f3n el\u00e9ctrica en Centro Hist\u00f3rico: COMETUR"},"content":{"rendered":"<p><strong>Alejandro \u00c1vila<\/strong><\/p>\n<p>Veracruz, Ver.- El presidente del Consejo Metropolitano de Turismo (COMETUR), Sergio Lois Heredia dio a conocer que, desde hace una semana cuadrillas de la Comisi\u00f3n Federal de Electricidad (CFE) iniciaron con los trabajos de rehabilitaci\u00f3n del cableado el\u00e9ctrico en todo el Centro Hist\u00f3rico de Veracruz.<\/p>\n<p>El empresario hotelero dio a conocer que el propio superintendente de la zona, Jos\u00e9 Luis Hern\u00e1ndez Hip\u00f3lito, se reuni\u00f3 con los comerciantes y vecinos afectados y les explic\u00f3 a detalle las situaciones por las cuales sufr\u00edan de constantes apagones, al tiempo que les dijo iniciar\u00edan con los trabajos de remediaci\u00f3n para evitar nuevamente dichos incidentes.<\/p>\n<p>&#8220;Se empezaron a llevar a cabo ciertas acciones, la reuni\u00f3n que tuvimos fue el pasado jueves, en esa reuni\u00f3n nos expuso el superintendente un plan de trabajo a realizar, nos pregunt\u00f3 incluso los horarios en que nos convendr\u00eda m\u00e1s que nos quitaran la energ\u00eda el\u00e9ctrica, de forma que trabajamos coordinadamente, y s\u00ed, esta semana ya inicia los trabajos de modernizaci\u00f3n y mantenimiento, nos comentaba el ingeniero que las primeras actividades a realizarse ser\u00edan en el callej\u00f3n JJ Herrera&#8221;, coment\u00f3.<\/p>\n<p>Sergio Lois resalt\u00f3 la disposici\u00f3n del superintendente, Jos\u00e9 Luis Hern\u00e1ndez Hip\u00f3lito, pues dijo que el resto de los vecinos y comerciantes agradecieron la atenci\u00f3n e intenci\u00f3n de arreglar una problem\u00e1tica de m\u00e1s de 30 a\u00f1os.<\/p>\n<p>&#8220;Estaremos felices y tranquilos cuando ya est\u00e9n culminados los esfuerzos, y no solo que est\u00e1 en culminado los esfuerzos sino que tambi\u00e9n definamos unas mesas de trabajo permanentes, quiz\u00e1 no cada 15 d\u00edas o cada mes, pero que cada tres o seis meses podamos sentarnos para que se d\u00e9 el mantenimiento preventivo y no vuelva a caer la red el\u00e9ctrica del centro&#8221;, culmin\u00f3.<\/p>\n","protected":false},"excerpt":{"rendered":"<p>Alejandro \u00c1vila Veracruz, Ver.- El presidente del Consejo Metropolitano de Turismo (COMETUR), Sergio Lois Heredia dio a conocer que, desde hace una semana cuadrillas de la Comisi\u00f3n Federal de Electricidad (CFE) iniciaron con los trabajos de rehabilitaci\u00f3n del cableado el\u00e9ctrico en todo el Centro Hist\u00f3rico de Veracruz. El empresario hotelero dio a conocer que el [&hellip;]<\/p>\n","protected":false},"author":2476,"featured_media":72329,"comment_status":"open","ping_status":"open","sticky":false,"template":"","format":"standard","meta":{"_jetpack_memberships_contains_paid_content":false,"footnotes":""},"categories":[2],"tags":[],"class_list":["post-72327","post","type-post","status-publish","format-standard","has-post-thumbnail","hentry","category-estado"],"jetpack_featured_media_url":"https:\/\/encuentroinformativo.com.mx\/wp-content\/uploads\/2025\/10\/IMG-20251024-WA02162.jpg","jetpack_sharing_enabled":true,"jetpack_likes_enabled":true,"amp_enabled":true,"_links":{"self":[{"href":"https:\/\/encuentroinformativo.com.mx\/index.php?rest_route=\/wp\/v2\/posts\/72327","targetHints":{"allow":["GET"]}}],"collection":[{"href":"https:\/\/encuentroinformativo.com.mx\/index.php?rest_route=\/wp\/v2\/posts"}],"about":[{"href":"https:\/\/encuentroinformativo.com.mx\/index.php?rest_route=\/wp\/v2\/types\/post"}],"author":[{"embeddable":true,"href":"https:\/\/encuentroinformativo.com.mx\/index.php?rest_route=\/wp\/v2\/users\/2476"}],"replies":[{"embeddable":true,"href":"https:\/\/encuentroinformativo.com.mx\/index.php?rest_route=%2Fwp%2Fv2%2Fcomments&post=72327"}],"version-history":[{"count":1,"href":"https:\/\/encuentroinformativo.com.mx\/index.php?rest_route=\/wp\/v2\/posts\/72327\/revisions"}],"predecessor-version":[{"id":72328,"href":"https:\/\/encuentroinformativo.com.mx\/index.php?rest_route=\/wp\/v2\/posts\/72327\/revisions\/72328"}],"wp:featuredmedia":[{"embeddable":true,"href":"https:\/\/encuentroinformativo.com.mx\/index.php?rest_route=\/wp\/v2\/media\/72329"}],"wp:attachment":[{"href":"https:\/\/encuentroinformativo.com.mx\/index.php?rest_route=%2Fwp%2Fv2%2Fmedia&parent=72327"}],"wp:term":[{"taxonomy":"category","embeddable":true,"href":"https:\/\/encuentroinformativo.com.mx\/index.php?rest_route=%2Fwp%2Fv2%2Fcategories&post=72327"},{"taxonomy":"post_tag","embeddable":true,"href":"https:\/\/encuentroinformativo.com.mx\/index.php?rest_route=%2Fwp%2Fv2%2Ftags&post=72327"}],"curies":[{"name":"wp","href":"https:\/\/api.w.org\/{rel}","templated":true}]}}