{"id":72330,"date":"2025-10-24T16:46:00","date_gmt":"2025-10-24T22:46:00","guid":{"rendered":"https:\/\/encuentroinformativo.com.mx\/?p=72330"},"modified":"2025-10-24T16:46:00","modified_gmt":"2025-10-24T22:46:00","slug":"regina-torrecilla-arranca-travesia-por-el-reinado-infantil-del-carnaval-2026","status":"publish","type":"post","link":"https:\/\/encuentroinformativo.com.mx\/?p=72330","title":{"rendered":"Regina Torrecilla arranca traves\u00eda por el Reinado Infantil del Carnaval 2026"},"content":{"rendered":"<p><strong>Alejandro \u00c1vila<\/strong><\/p>\n<p>Veracruz, Ver.- A partir de las cuatro de la tarde de este viernes 24 de octubre, Regina Torrecilla Delgado, iniciar\u00e1 formalmente su aspiraci\u00f3n por el reinado infantil del Carnaval de Veracruz 2026.<\/p>\n<p>Cabe destacar que, la peque\u00f1a llevar\u00e1 el distintivo ROJO y est\u00e1 siendo apoyada por la familia ferrocarrilera qui\u00e9n la alent\u00f3 a inscribirse oficialmente hace unos d\u00edas; Regina Torrecilla y los hijos del riel llevar\u00e1n v\u00edveres a la rumbata que anunci\u00f3 la organizaci\u00f3n del Carnaval de Veracruz ser\u00e1 con causa, en apoyo a las familias de Poza Rica.<\/p>\n<p>Regina junto con sus padres fue recibida en las oficinas del Comit\u00e9 por Daniel Mart\u00edn Lois, regidor octavo con la comisi\u00f3n de Carnaval y Turismo y pr\u00f3ximo titular de las festividades; as\u00ed como Luis Vald\u00e9s, actual Presidente del Comit\u00e9 del Carnaval.<\/p>\n<p>Con m\u00e1s de 27 mil votos, la peque\u00f1a ya es formalmente candidata a Reina Infantil y cabe destacar que est\u00e1 apoyada por integrantes del gremio ferrocarrilero, comparsas y la Academia de Danza Yoza.<\/p>\n<p>Regina Torrecilla Delgado tiene 9 a\u00f1os de edad, cursa el cuarto grado de Primaria y es hija de los se\u00f1ores Norberto Torrecilla Lastra e Ilse Consuelo Delgado Luna y tiene un hermano mayor de nombre Miguel \u00c1ngel Garcia Delgado.<\/p>\n<p>Para Regina Torrecilla Delgado el Carnaval de Veracruz es la fiesta que m\u00e1s disfruta pues tiene 6 a\u00f1os participando en la comparsa \u201cLos Elegantes\u201d y actualmente con la Academia de Danza Yoza.<\/p>\n<p>\u201cMe siento muy emocionada de participar en el Carnaval de Veracruz, ya lo he hecho con la comparsa Los Elegantes y con la Academia de Danza Yoza, pero ahora como candidata a Reina Infantil la alegr\u00eda es mayor ya que uno de mis sue\u00f1os es ser la reina infantil, la representante de los ni\u00f1os en esta fiesta que tanto amamos en Veracruz\u201d, coment\u00f3 la linda Regina en entrevista con la prensa.<\/p>\n","protected":false},"excerpt":{"rendered":"<p>Alejandro \u00c1vila Veracruz, Ver.- A partir de las cuatro de la tarde de este viernes 24 de octubre, Regina Torrecilla Delgado, iniciar\u00e1 formalmente su aspiraci\u00f3n por el reinado infantil del Carnaval de Veracruz 2026. Cabe destacar que, la peque\u00f1a llevar\u00e1 el distintivo ROJO y est\u00e1 siendo apoyada por la familia ferrocarrilera qui\u00e9n la alent\u00f3 a [&hellip;]<\/p>\n","protected":false},"author":2476,"featured_media":72331,"comment_status":"open","ping_status":"open","sticky":false,"template":"","format":"standard","meta":{"_jetpack_memberships_contains_paid_content":false,"footnotes":""},"categories":[2],"tags":[],"class_list":["post-72330","post","type-post","status-publish","format-standard","has-post-thumbnail","hentry","category-estado"],"jetpack_featured_media_url":"https:\/\/encuentroinformativo.com.mx\/wp-content\/uploads\/2025\/10\/IMG-20251024-WA0224.jpg","jetpack_sharing_enabled":true,"jetpack_likes_enabled":true,"amp_enabled":true,"_links":{"self":[{"href":"https:\/\/encuentroinformativo.com.mx\/index.php?rest_route=\/wp\/v2\/posts\/72330","targetHints":{"allow":["GET"]}}],"collection":[{"href":"https:\/\/encuentroinformativo.com.mx\/index.php?rest_route=\/wp\/v2\/posts"}],"about":[{"href":"https:\/\/encuentroinformativo.com.mx\/index.php?rest_route=\/wp\/v2\/types\/post"}],"author":[{"embeddable":true,"href":"https:\/\/encuentroinformativo.com.mx\/index.php?rest_route=\/wp\/v2\/users\/2476"}],"replies":[{"embeddable":true,"href":"https:\/\/encuentroinformativo.com.mx\/index.php?rest_route=%2Fwp%2Fv2%2Fcomments&post=72330"}],"version-history":[{"count":1,"href":"https:\/\/encuentroinformativo.com.mx\/index.php?rest_route=\/wp\/v2\/posts\/72330\/revisions"}],"predecessor-version":[{"id":72332,"href":"https:\/\/encuentroinformativo.com.mx\/index.php?rest_route=\/wp\/v2\/posts\/72330\/revisions\/72332"}],"wp:featuredmedia":[{"embeddable":true,"href":"https:\/\/encuentroinformativo.com.mx\/index.php?rest_route=\/wp\/v2\/media\/72331"}],"wp:attachment":[{"href":"https:\/\/encuentroinformativo.com.mx\/index.php?rest_route=%2Fwp%2Fv2%2Fmedia&parent=72330"}],"wp:term":[{"taxonomy":"category","embeddable":true,"href":"https:\/\/encuentroinformativo.com.mx\/index.php?rest_route=%2Fwp%2Fv2%2Fcategories&post=72330"},{"taxonomy":"post_tag","embeddable":true,"href":"https:\/\/encuentroinformativo.com.mx\/index.php?rest_route=%2Fwp%2Fv2%2Ftags&post=72330"}],"curies":[{"name":"wp","href":"https:\/\/api.w.org\/{rel}","templated":true}]}}