{"id":72336,"date":"2025-10-25T23:18:29","date_gmt":"2025-10-26T05:18:29","guid":{"rendered":"https:\/\/encuentroinformativo.com.mx\/?p=72336"},"modified":"2025-10-25T23:18:29","modified_gmt":"2025-10-26T05:18:29","slug":"realizan-en-coatepec-cuarta-edicion-del-festival-de-catrinas","status":"publish","type":"post","link":"https:\/\/encuentroinformativo.com.mx\/?p=72336","title":{"rendered":"Realizan en Coatepec cuarta edici\u00f3n del Festival de Catrinas"},"content":{"rendered":"<p><strong>Dar\u00edo Pale<\/strong><\/p>\n<p>Xalapa, Ver.- El municipio de Coatepec llevar\u00e1 a cabo de este 25 de octubre al 2 de noviembre la Cuarta Edici\u00f3n del Festival de Catrinas, evento que busca honrar la esencia del D\u00eda de Muertos y fortalecer la identidad cultural de la regi\u00f3n.<\/p>\n<p>El evento ofrecer\u00e1 un programa art\u00edstico y cultural con desfiles, concursos, presentaciones musicales, exposiciones fotogr\u00e1ficas y muestras teatrales.<\/p>\n<p>El s\u00e1bado se realiz\u00f3 un concurso de altares, as\u00ed como la inauguraci\u00f3n oficial a cargo del ballet &#8220;Por amor al arte&#8221;, dirigido por el maestro Alfredo Libreros, adem\u00e1s de una exposici\u00f3n fotogr\u00e1fica &#8220;Los colibr\u00eds&#8221; del artista Rafael Ruiz Arroyo.<\/p>\n<p>Tambi\u00e9n se llevar\u00e1n a cabo diversos eventos como el Xantolo dirigido por el maestro Tom\u00e1s Cort\u00e9s, las Noches de leyendas narradas por el historiador Luis Alejandro y el performance teatral \u201cLa leyenda de la Llorona\u201d, presentado por el colectivo La Escena en el Barrio de San Miguel.<\/p>\n<p>El programa tambi\u00e9n incluir\u00e1 m\u00fasica en vivo con artistas locales como Rams\u00e9s Ojeda, el Grupo La Cigarra y Cafeto Moreno; adem\u00e1s de concursos de talento infantil y libre, clases de zumba, presentaciones literarias y el tradicional Desfile de Catrinas, organizado por la agrupaci\u00f3n Unidos por la Magia.<\/p>\n<p>El evento concluir\u00e1 el domingo 2 de noviembre con la presentaci\u00f3n del disco del grupo AWQAY y el concurso de disfraces \u201cCatrinas y Catrines&#8221;.<\/p>\n","protected":false},"excerpt":{"rendered":"<p>Dar\u00edo Pale Xalapa, Ver.- El municipio de Coatepec llevar\u00e1 a cabo de este 25 de octubre al 2 de noviembre la Cuarta Edici\u00f3n del Festival de Catrinas, evento que busca honrar la esencia del D\u00eda de Muertos y fortalecer la identidad cultural de la regi\u00f3n. El evento ofrecer\u00e1 un programa art\u00edstico y cultural con desfiles, [&hellip;]<\/p>\n","protected":false},"author":2476,"featured_media":72337,"comment_status":"open","ping_status":"open","sticky":false,"template":"","format":"standard","meta":{"_jetpack_memberships_contains_paid_content":false,"footnotes":""},"categories":[8],"tags":[],"class_list":["post-72336","post","type-post","status-publish","format-standard","has-post-thumbnail","hentry","category-region"],"jetpack_featured_media_url":"https:\/\/encuentroinformativo.com.mx\/wp-content\/uploads\/2025\/10\/IMG-20251025-WA0277.jpg","jetpack_sharing_enabled":true,"jetpack_likes_enabled":true,"amp_enabled":true,"_links":{"self":[{"href":"https:\/\/encuentroinformativo.com.mx\/index.php?rest_route=\/wp\/v2\/posts\/72336","targetHints":{"allow":["GET"]}}],"collection":[{"href":"https:\/\/encuentroinformativo.com.mx\/index.php?rest_route=\/wp\/v2\/posts"}],"about":[{"href":"https:\/\/encuentroinformativo.com.mx\/index.php?rest_route=\/wp\/v2\/types\/post"}],"author":[{"embeddable":true,"href":"https:\/\/encuentroinformativo.com.mx\/index.php?rest_route=\/wp\/v2\/users\/2476"}],"replies":[{"embeddable":true,"href":"https:\/\/encuentroinformativo.com.mx\/index.php?rest_route=%2Fwp%2Fv2%2Fcomments&post=72336"}],"version-history":[{"count":1,"href":"https:\/\/encuentroinformativo.com.mx\/index.php?rest_route=\/wp\/v2\/posts\/72336\/revisions"}],"predecessor-version":[{"id":72338,"href":"https:\/\/encuentroinformativo.com.mx\/index.php?rest_route=\/wp\/v2\/posts\/72336\/revisions\/72338"}],"wp:featuredmedia":[{"embeddable":true,"href":"https:\/\/encuentroinformativo.com.mx\/index.php?rest_route=\/wp\/v2\/media\/72337"}],"wp:attachment":[{"href":"https:\/\/encuentroinformativo.com.mx\/index.php?rest_route=%2Fwp%2Fv2%2Fmedia&parent=72336"}],"wp:term":[{"taxonomy":"category","embeddable":true,"href":"https:\/\/encuentroinformativo.com.mx\/index.php?rest_route=%2Fwp%2Fv2%2Fcategories&post=72336"},{"taxonomy":"post_tag","embeddable":true,"href":"https:\/\/encuentroinformativo.com.mx\/index.php?rest_route=%2Fwp%2Fv2%2Ftags&post=72336"}],"curies":[{"name":"wp","href":"https:\/\/api.w.org\/{rel}","templated":true}]}}