{"id":72339,"date":"2025-10-25T23:26:41","date_gmt":"2025-10-26T05:26:41","guid":{"rendered":"https:\/\/encuentroinformativo.com.mx\/?p=72339"},"modified":"2025-10-25T23:26:41","modified_gmt":"2025-10-26T05:26:41","slug":"paseo-de-catrinas-sumando-voluntades-en-beneficio-de-la-zona-norte","status":"publish","type":"post","link":"https:\/\/encuentroinformativo.com.mx\/?p=72339","title":{"rendered":"Paseo de Catrinas &#8220;Sumando voluntades&#8221; en beneficio de la zona norte"},"content":{"rendered":"<p><strong>Dar\u00edo Pale<\/strong><\/p>\n<p>Xalapa, Ver.- El tradicional Paseo de Catrinas organizado por Orgullo Xalapa celebr\u00f3 su novena edici\u00f3n con una participaci\u00f3n que super\u00f3 las 4 mil personas, consolid\u00e1ndose como uno de los eventos m\u00e1s representativos de la capital veracruzana en v\u00edsperas del D\u00eda de Muertos.<\/p>\n<p>El presidente de la organizaci\u00f3n, Leonardo Ruiz Moreno, destac\u00f3 que este a\u00f1o el desfile no solo busca promover la cultura y la inclusi\u00f3n, sino tambi\u00e9n convertirse en un acto solidario, bajo el lema \u201cSumando voluntades\u201d, en beneficio de las comunidades afectadas por las recientes lluvias e inundaciones en la zona norte del estado.<\/p>\n<p>\u201cEstamos muy contentos por todo lo que ha generado el paseo, no solo a nivel local, sino tambi\u00e9n estatal, nacional e incluso internacional. Este a\u00f1o nos visitan delegaciones de lugares como Guatemala, lo que demuestra el impacto y el crecimiento del evento\u201d, se\u00f1al\u00f3 Ruiz Morena.<\/p>\n<p>El dirigente explic\u00f3 que el Paseo de Catrinas se ha transformado en un evento con causa, ya que todo lo que se recaude durante la jornada ser\u00e1 destinado a apoyar a familias damnificadas en municipios como Poza Rica y comunidades cercanas.<\/p>\n<p>\u201cTodo lo recaudado se llevar\u00e1 posteriormente a Poza Rica, donde nuestros hermanos necesitan ayuda. Este a\u00f1o todos los patrocinadores, colectivos y ciudadanos est\u00e1n aportando su granito de arena\u201d, agreg\u00f3.<\/p>\n<p>En ediciones anteriores, el evento ha congregado a entre 5 y 6 mil asistentes, aunque en esa ocasi\u00f3n no se hab\u00eda destinado la recaudaci\u00f3n a una causa social espec\u00edfica. En contraste, esta novena edici\u00f3n destaca por su enfoque solidario e inclusivo, sumando el esfuerzo de grupos ciudadanos, empresas y asociaciones civiles.<\/p>\n<p>Sobre la afectaci\u00f3n de la poblaci\u00f3n LGBT+ en las zonas impactadas por el desastre, Ruiz Moreno coment\u00f3 que no cuenta con cifras exactas, pero reconoci\u00f3 que existen organizaciones civiles en el norte del estado que est\u00e1n coordinando apoyo directo a las personas afectadas.<\/p>\n<p>Con m\u00fasica, color y tradici\u00f3n, el Paseo de Catrinas de Orgullo Xalapa reafirma su papel no solo como una celebraci\u00f3n de la diversidad y la identidad cultural, sino tambi\u00e9n como un s\u00edmbolo de empat\u00eda y uni\u00f3n social en momentos dif\u00edciles para Veracruz.<\/p>\n","protected":false},"excerpt":{"rendered":"<p>Dar\u00edo Pale Xalapa, Ver.- El tradicional Paseo de Catrinas organizado por Orgullo Xalapa celebr\u00f3 su novena edici\u00f3n con una participaci\u00f3n que super\u00f3 las 4 mil personas, consolid\u00e1ndose como uno de los eventos m\u00e1s representativos de la capital veracruzana en v\u00edsperas del D\u00eda de Muertos. El presidente de la organizaci\u00f3n, Leonardo Ruiz Moreno, destac\u00f3 que este [&hellip;]<\/p>\n","protected":false},"author":2476,"featured_media":72340,"comment_status":"open","ping_status":"open","sticky":false,"template":"","format":"standard","meta":{"_jetpack_memberships_contains_paid_content":false,"footnotes":""},"categories":[3],"tags":[],"class_list":["post-72339","post","type-post","status-publish","format-standard","has-post-thumbnail","hentry","category-xalapa"],"jetpack_featured_media_url":"https:\/\/encuentroinformativo.com.mx\/wp-content\/uploads\/2025\/10\/IMG-20251025-WA0255.jpg","jetpack_sharing_enabled":true,"jetpack_likes_enabled":true,"amp_enabled":true,"_links":{"self":[{"href":"https:\/\/encuentroinformativo.com.mx\/index.php?rest_route=\/wp\/v2\/posts\/72339","targetHints":{"allow":["GET"]}}],"collection":[{"href":"https:\/\/encuentroinformativo.com.mx\/index.php?rest_route=\/wp\/v2\/posts"}],"about":[{"href":"https:\/\/encuentroinformativo.com.mx\/index.php?rest_route=\/wp\/v2\/types\/post"}],"author":[{"embeddable":true,"href":"https:\/\/encuentroinformativo.com.mx\/index.php?rest_route=\/wp\/v2\/users\/2476"}],"replies":[{"embeddable":true,"href":"https:\/\/encuentroinformativo.com.mx\/index.php?rest_route=%2Fwp%2Fv2%2Fcomments&post=72339"}],"version-history":[{"count":1,"href":"https:\/\/encuentroinformativo.com.mx\/index.php?rest_route=\/wp\/v2\/posts\/72339\/revisions"}],"predecessor-version":[{"id":72341,"href":"https:\/\/encuentroinformativo.com.mx\/index.php?rest_route=\/wp\/v2\/posts\/72339\/revisions\/72341"}],"wp:featuredmedia":[{"embeddable":true,"href":"https:\/\/encuentroinformativo.com.mx\/index.php?rest_route=\/wp\/v2\/media\/72340"}],"wp:attachment":[{"href":"https:\/\/encuentroinformativo.com.mx\/index.php?rest_route=%2Fwp%2Fv2%2Fmedia&parent=72339"}],"wp:term":[{"taxonomy":"category","embeddable":true,"href":"https:\/\/encuentroinformativo.com.mx\/index.php?rest_route=%2Fwp%2Fv2%2Fcategories&post=72339"},{"taxonomy":"post_tag","embeddable":true,"href":"https:\/\/encuentroinformativo.com.mx\/index.php?rest_route=%2Fwp%2Fv2%2Ftags&post=72339"}],"curies":[{"name":"wp","href":"https:\/\/api.w.org\/{rel}","templated":true}]}}