{"id":72344,"date":"2025-10-26T13:59:02","date_gmt":"2025-10-26T19:59:02","guid":{"rendered":"https:\/\/encuentroinformativo.com.mx\/?p=72344"},"modified":"2025-10-26T13:59:02","modified_gmt":"2025-10-26T19:59:02","slug":"distribuyen-apoyos-a-comunicadores-afectados-de-la-zona-norte","status":"publish","type":"post","link":"https:\/\/encuentroinformativo.com.mx\/?p=72344","title":{"rendered":"Distribuyen apoyos a comunicadores afectados de la zona norte"},"content":{"rendered":"<p><strong>Dar\u00edo Pale<\/strong><\/p>\n<p>Xalapa, Ver.- En un gesto de solidaridad, reporteros, asociaciones civiles y ciudadanos se unieron para recaudar y enviar ayuda humanitaria a comunicadores y familias afectadas por las recientes inundaciones registradas en la zona norte del estado de Veracruz.<\/p>\n<p>Gracias al esfuerzo conjunto de los medios de comunicaci\u00f3n y al impulso del periodista Francisco \u201cPaco de Luna\u201d, se logr\u00f3 reunir una importante cantidad de v\u00edveres, ropa, art\u00edculos de limpieza, agua y productos de aseo personal, que fueron entregados a los damnificados que enfrentan p\u00e9rdidas materiales tras el paso de las fuertes lluvias.<\/p>\n<p>Los organizadores destacaron la solidaridad y empat\u00eda del gremio period\u00edstico, as\u00ed como de las asociaciones y personas de buen coraz\u00f3n que aportaron donativos para hacer posible esta entrega.<\/p>\n<p>\u201cGracias a todos los compa\u00f1eros reporteros y a las asociaciones que se sumaron a la causa. Se logr\u00f3 enviar ayuda a quienes hoy m\u00e1s lo necesitan. Todas las personas que donaron merecen un gran reconocimiento\u201d, expresaron los participantes.<\/p>\n<p>La ayuda humanitaria fue canalizada hacia diversos municipios del norte del estado, donde las inundaciones dejaron viviendas afectadas, caminos da\u00f1ados y comunidades incomunicadas.<\/p>\n<p>Con esta acci\u00f3n, el gremio period\u00edstico veracruzano demuestra una vez m\u00e1s que la unidad y la colaboraci\u00f3n pueden marcar la diferencia, no solo en la labor informativa, sino tambi\u00e9n en el apoyo humano y solidario hacia quienes atraviesan momentos dif\u00edciles.<\/p>\n<p><img loading=\"lazy\" decoding=\"async\" class=\"aligncenter size-medium wp-image-72346\" src=\"https:\/\/encuentroinformativo.com.mx\/wp-content\/uploads\/2025\/10\/IMG-20251025-WA0272-225x300.jpg\" alt=\"\" width=\"225\" height=\"300\" srcset=\"https:\/\/encuentroinformativo.com.mx\/wp-content\/uploads\/2025\/10\/IMG-20251025-WA0272-225x300.jpg 225w, https:\/\/encuentroinformativo.com.mx\/wp-content\/uploads\/2025\/10\/IMG-20251025-WA0272-768x1024.jpg 768w, https:\/\/encuentroinformativo.com.mx\/wp-content\/uploads\/2025\/10\/IMG-20251025-WA0272-1152x1536.jpg 1152w, https:\/\/encuentroinformativo.com.mx\/wp-content\/uploads\/2025\/10\/IMG-20251025-WA0272.jpg 1200w\" sizes=\"auto, (max-width: 225px) 100vw, 225px\" \/><\/p>\n","protected":false},"excerpt":{"rendered":"<p>Dar\u00edo Pale Xalapa, Ver.- En un gesto de solidaridad, reporteros, asociaciones civiles y ciudadanos se unieron para recaudar y enviar ayuda humanitaria a comunicadores y familias afectadas por las recientes inundaciones registradas en la zona norte del estado de Veracruz. Gracias al esfuerzo conjunto de los medios de comunicaci\u00f3n y al impulso del periodista Francisco [&hellip;]<\/p>\n","protected":false},"author":2476,"featured_media":72345,"comment_status":"open","ping_status":"open","sticky":false,"template":"","format":"standard","meta":{"_jetpack_memberships_contains_paid_content":false,"footnotes":""},"categories":[2],"tags":[],"class_list":["post-72344","post","type-post","status-publish","format-standard","has-post-thumbnail","hentry","category-estado"],"jetpack_featured_media_url":"https:\/\/encuentroinformativo.com.mx\/wp-content\/uploads\/2025\/10\/IMG-20251025-WA0270.jpg","jetpack_sharing_enabled":true,"jetpack_likes_enabled":true,"amp_enabled":true,"_links":{"self":[{"href":"https:\/\/encuentroinformativo.com.mx\/index.php?rest_route=\/wp\/v2\/posts\/72344","targetHints":{"allow":["GET"]}}],"collection":[{"href":"https:\/\/encuentroinformativo.com.mx\/index.php?rest_route=\/wp\/v2\/posts"}],"about":[{"href":"https:\/\/encuentroinformativo.com.mx\/index.php?rest_route=\/wp\/v2\/types\/post"}],"author":[{"embeddable":true,"href":"https:\/\/encuentroinformativo.com.mx\/index.php?rest_route=\/wp\/v2\/users\/2476"}],"replies":[{"embeddable":true,"href":"https:\/\/encuentroinformativo.com.mx\/index.php?rest_route=%2Fwp%2Fv2%2Fcomments&post=72344"}],"version-history":[{"count":1,"href":"https:\/\/encuentroinformativo.com.mx\/index.php?rest_route=\/wp\/v2\/posts\/72344\/revisions"}],"predecessor-version":[{"id":72347,"href":"https:\/\/encuentroinformativo.com.mx\/index.php?rest_route=\/wp\/v2\/posts\/72344\/revisions\/72347"}],"wp:featuredmedia":[{"embeddable":true,"href":"https:\/\/encuentroinformativo.com.mx\/index.php?rest_route=\/wp\/v2\/media\/72345"}],"wp:attachment":[{"href":"https:\/\/encuentroinformativo.com.mx\/index.php?rest_route=%2Fwp%2Fv2%2Fmedia&parent=72344"}],"wp:term":[{"taxonomy":"category","embeddable":true,"href":"https:\/\/encuentroinformativo.com.mx\/index.php?rest_route=%2Fwp%2Fv2%2Fcategories&post=72344"},{"taxonomy":"post_tag","embeddable":true,"href":"https:\/\/encuentroinformativo.com.mx\/index.php?rest_route=%2Fwp%2Fv2%2Ftags&post=72344"}],"curies":[{"name":"wp","href":"https:\/\/api.w.org\/{rel}","templated":true}]}}