{"id":72348,"date":"2025-10-26T14:41:57","date_gmt":"2025-10-26T20:41:57","guid":{"rendered":"https:\/\/encuentroinformativo.com.mx\/?p=72348"},"modified":"2025-10-26T14:41:57","modified_gmt":"2025-10-26T20:41:57","slug":"buscan-consolidar-el-aviturismo-en-los-tuxtlas-y-hacer-frente-al-trafico-ilegal-de-aves","status":"publish","type":"post","link":"https:\/\/encuentroinformativo.com.mx\/?p=72348","title":{"rendered":"Buscan consolidar el aviturismo en Los Tuxtlas y hacer frente al tr\u00e1fico ilegal de aves"},"content":{"rendered":"<p><strong>* La observaci\u00f3n de aves poco a poco a tomado impulso como fuente de econom\u00eda en la regi\u00f3n.<\/strong><\/p>\n<p><strong>Armando Azamar Fonseca<\/strong><\/p>\n<p>Catemaco, Ver.- La red de observaci\u00f3n de aves de gu\u00edas comunitarios &#8220;Huilotl Toxtlan&#8221; est\u00e1 consolidando el aviturismo como una nueva y vital fuente de desarrollo econ\u00f3mico en la regi\u00f3n de Los Tuxtlas, al mismo tiempo que alza la voz para combatir la creciente amenaza del tr\u00e1fico ilegal de especies.<\/p>\n<p>Gonzalo Hern\u00e1ndez Ranero, Presidente de Huilotl Toxtlan, subray\u00f3 el potencial que est\u00e1 teniendo la observaci\u00f3n de aves como una actividad para ofrecer al turismo.<\/p>\n<p>&#8220;Nosotros como red de gu\u00edas comunitarios, estamos tratando de atraer al turismo a trav\u00e9s de la observaci\u00f3n de aves,&#8221; afirm\u00f3 Ranero, destacando la riqueza de aves que existen en la Reserva de la Bi\u00f3sfera de Los Tuxtlas.<\/p>\n<p>El trabajo de la red no es improvisado, Hern\u00e1ndez Ranero explic\u00f3 que operan en colaboraci\u00f3n directa con la Comisi\u00f3n Nacional de \u00c1reas Naturales Protegidas (CONANP) y la propia Reserva de la Bi\u00f3sfera.<\/p>\n<p>&#8220;Nos han capacitado para esto, es un apoyo de hace m\u00e1s de 18 a\u00f1os y esto nos ha permitido recibir turismo para la observaci\u00f3n de aves en Los Tuxtlas.&#8221;<\/p>\n<p>Adem\u00e1s de la atenci\u00f3n a turistas, Huilotl Toxtlan se enfoca en la educaci\u00f3n ecol\u00f3gica en escuelas, buscando fomentar una cultura de conservaci\u00f3n entre las nuevas generaciones.<\/p>\n<p>A pesar de los avances en turismo, la mayor preocupaci\u00f3n de la red es la extracci\u00f3n ilegal de aves. El l\u00edder comunitario hizo un llamado urgente para incrementar la severidad de las penas.<\/p>\n<p>&#8220;Nosotros como red hemos levantado denuncias, s\u00ed hace falta ser m\u00e1s en\u00e9rgicos en esos castigos para personas que sustraen aves para su venta ilegal,&#8221; sentenci\u00f3.<\/p>\n<p>La red ha identificado un foco rojo de captura en la localidad de Sontecomapan, en Catemaco, y en zonas altas como los volcanes, incluido el Cerro de San Mart\u00edn, en este sentido, dijo que las especies m\u00e1s vulnerables son los loros y pericos, adem\u00e1s de el clar\u00edn y la primavera.<\/p>\n<p>Aprovech\u00f3 para hacer un llamado a la poblaci\u00f3n de respetar la migraci\u00f3n de aves, un fen\u00f3meno natural que es tanto vital para el ecosistema como un pilar del atractivo ecotur\u00edstico de la regi\u00f3n.<\/p>\n<p><img loading=\"lazy\" decoding=\"async\" class=\"aligncenter size-medium wp-image-72350\" src=\"https:\/\/encuentroinformativo.com.mx\/wp-content\/uploads\/2025\/10\/IMG-20251026-WA0042-300x200.jpg\" alt=\"\" width=\"300\" height=\"200\" srcset=\"https:\/\/encuentroinformativo.com.mx\/wp-content\/uploads\/2025\/10\/IMG-20251026-WA0042-300x200.jpg 300w, https:\/\/encuentroinformativo.com.mx\/wp-content\/uploads\/2025\/10\/IMG-20251026-WA0042-1024x683.jpg 1024w, https:\/\/encuentroinformativo.com.mx\/wp-content\/uploads\/2025\/10\/IMG-20251026-WA0042-768x512.jpg 768w, https:\/\/encuentroinformativo.com.mx\/wp-content\/uploads\/2025\/10\/IMG-20251026-WA0042-1536x1025.jpg 1536w, https:\/\/encuentroinformativo.com.mx\/wp-content\/uploads\/2025\/10\/IMG-20251026-WA0042.jpg 2048w\" sizes=\"auto, (max-width: 300px) 100vw, 300px\" \/><\/p>\n","protected":false},"excerpt":{"rendered":"<p>* La observaci\u00f3n de aves poco a poco a tomado impulso como fuente de econom\u00eda en la regi\u00f3n. Armando Azamar Fonseca Catemaco, Ver.- La red de observaci\u00f3n de aves de gu\u00edas comunitarios &#8220;Huilotl Toxtlan&#8221; est\u00e1 consolidando el aviturismo como una nueva y vital fuente de desarrollo econ\u00f3mico en la regi\u00f3n de Los Tuxtlas, al mismo [&hellip;]<\/p>\n","protected":false},"author":2476,"featured_media":72349,"comment_status":"open","ping_status":"open","sticky":false,"template":"","format":"standard","meta":{"_jetpack_memberships_contains_paid_content":false,"footnotes":""},"categories":[2],"tags":[],"class_list":["post-72348","post","type-post","status-publish","format-standard","has-post-thumbnail","hentry","category-estado"],"jetpack_featured_media_url":"https:\/\/encuentroinformativo.com.mx\/wp-content\/uploads\/2025\/10\/IMG-20251026-WA0043.jpg","jetpack_sharing_enabled":true,"jetpack_likes_enabled":true,"amp_enabled":true,"_links":{"self":[{"href":"https:\/\/encuentroinformativo.com.mx\/index.php?rest_route=\/wp\/v2\/posts\/72348","targetHints":{"allow":["GET"]}}],"collection":[{"href":"https:\/\/encuentroinformativo.com.mx\/index.php?rest_route=\/wp\/v2\/posts"}],"about":[{"href":"https:\/\/encuentroinformativo.com.mx\/index.php?rest_route=\/wp\/v2\/types\/post"}],"author":[{"embeddable":true,"href":"https:\/\/encuentroinformativo.com.mx\/index.php?rest_route=\/wp\/v2\/users\/2476"}],"replies":[{"embeddable":true,"href":"https:\/\/encuentroinformativo.com.mx\/index.php?rest_route=%2Fwp%2Fv2%2Fcomments&post=72348"}],"version-history":[{"count":1,"href":"https:\/\/encuentroinformativo.com.mx\/index.php?rest_route=\/wp\/v2\/posts\/72348\/revisions"}],"predecessor-version":[{"id":72351,"href":"https:\/\/encuentroinformativo.com.mx\/index.php?rest_route=\/wp\/v2\/posts\/72348\/revisions\/72351"}],"wp:featuredmedia":[{"embeddable":true,"href":"https:\/\/encuentroinformativo.com.mx\/index.php?rest_route=\/wp\/v2\/media\/72349"}],"wp:attachment":[{"href":"https:\/\/encuentroinformativo.com.mx\/index.php?rest_route=%2Fwp%2Fv2%2Fmedia&parent=72348"}],"wp:term":[{"taxonomy":"category","embeddable":true,"href":"https:\/\/encuentroinformativo.com.mx\/index.php?rest_route=%2Fwp%2Fv2%2Fcategories&post=72348"},{"taxonomy":"post_tag","embeddable":true,"href":"https:\/\/encuentroinformativo.com.mx\/index.php?rest_route=%2Fwp%2Fv2%2Ftags&post=72348"}],"curies":[{"name":"wp","href":"https:\/\/api.w.org\/{rel}","templated":true}]}}